{"id":4384,"date":"2024-01-02T17:56:35","date_gmt":"2024-01-02T16:56:35","guid":{"rendered":"https:\/\/www.bfk-amstetten.at\/bfkdo\/?p=4384"},"modified":"2024-01-02T18:00:57","modified_gmt":"2024-01-02T17:00:57","slug":"ff-st-georgen-reith-setzt-schoenes-zeichen-der-menschlichkeit","status":"publish","type":"post","link":"https:\/\/www.bfk-amstetten.at\/bfkdo\/ff-st-georgen-reith-setzt-schoenes-zeichen-der-menschlichkeit\/","title":{"rendered":"FF St. Georgen\/Reith setzt sch\u00f6nes Zeichen der Menschlichkeit"},"content":{"rendered":"\t\t<div data-elementor-type=\"wp-post\" data-elementor-id=\"4384\" class=\"elementor elementor-4384\">\n\t\t\t\t\t\t<section class=\"elementor-section elementor-top-section elementor-element elementor-element-38d9d377 elementor-section-boxed elementor-section-height-default elementor-section-height-default\" data-id=\"38d9d377\" data-element_type=\"section\" data-e-type=\"section\">\n\t\t\t\t\t\t<div class=\"elementor-container elementor-column-gap-default\">\n\t\t\t\t\t<div class=\"elementor-column elementor-col-50 elementor-top-column elementor-element elementor-element-1537acd2\" data-id=\"1537acd2\" data-element_type=\"column\" data-e-type=\"column\">\n\t\t\t<div class=\"elementor-widget-wrap elementor-element-populated\">\n\t\t\t\t\t\t<div class=\"elementor-element elementor-element-11dce924 elementor-invisible elementor-widget elementor-widget-image\" data-id=\"11dce924\" data-element_type=\"widget\" data-e-type=\"widget\" data-settings=\"{&quot;_animation&quot;:&quot;fadeInLeft&quot;}\" data-widget_type=\"image.default\">\n\t\t\t\t<div class=\"elementor-widget-container\">\n\t\t\t\t\t\t\t\t\t\t\t\t\t\t\t<img fetchpriority=\"high\" decoding=\"async\" width=\"800\" height=\"608\" src=\"https:\/\/www.bfk-amstetten.at\/bfkdo\/wp-content\/uploads\/2024\/01\/415199151_773357108168305_8761407148503510675_n-1024x778.jpg\" class=\"attachment-large size-large wp-image-4385\" alt=\"\" srcset=\"https:\/\/www.bfk-amstetten.at\/bfkdo\/wp-content\/uploads\/2024\/01\/415199151_773357108168305_8761407148503510675_n-1024x778.jpg 1024w, https:\/\/www.bfk-amstetten.at\/bfkdo\/wp-content\/uploads\/2024\/01\/415199151_773357108168305_8761407148503510675_n-300x228.jpg 300w, https:\/\/www.bfk-amstetten.at\/bfkdo\/wp-content\/uploads\/2024\/01\/415199151_773357108168305_8761407148503510675_n-768x584.jpg 768w, https:\/\/www.bfk-amstetten.at\/bfkdo\/wp-content\/uploads\/2024\/01\/415199151_773357108168305_8761407148503510675_n.jpg 1079w\" sizes=\"(max-width: 800px) 100vw, 800px\" \/>\t\t\t\t\t\t\t\t\t\t\t\t\t\t\t<\/div>\n\t\t\t\t<\/div>\n\t\t\t\t\t<\/div>\n\t\t<\/div>\n\t\t\t\t<div class=\"elementor-column elementor-col-50 elementor-top-column elementor-element elementor-element-a79e902\" data-id=\"a79e902\" data-element_type=\"column\" data-e-type=\"column\">\n\t\t\t<div class=\"elementor-widget-wrap elementor-element-populated\">\n\t\t\t\t\t\t<div class=\"elementor-element elementor-element-558362ae elementor-widget elementor-widget-text-editor\" data-id=\"558362ae\" data-element_type=\"widget\" data-e-type=\"widget\" data-widget_type=\"text-editor.default\">\n\t\t\t\t<div class=\"elementor-widget-container\">\n\t\t\t\t\t\t\t\t\t<p>Der schwere Verkehrsunfall vom 24. Dezember, bei dem eine 35-j\u00e4hrige Mutter und Mitglied der Freiwilligen Feuerwehr Untersiebenbrunn verstorben ist, hat auch die Kameraden der FF St. Georgen\/Reith sehr ber\u00fchrt: &#8222;Ihr habt vollkommen recht, wir alle haben Angst vor solch einem Einsatz. W\u00e4hrend wir in unserem Zeughaus bei gem\u00fctlicher Stimmung das Friedenslicht verteilten, musstet Ihr schlimme Stunden meistern.&#8220;<br \/><br \/>Die FF FF St. Georgen am Reith hat nun jene Spenden, die bei derFriedenslicht-Aktion am Heiligen Abend eingegangen sind, an die FF Untersiebenbrunn \u00fcberwiesen.<br \/><br \/>&#8222;Wir m\u00f6chten euch einfach wissen lassen, dass wir an euch denken. M\u00f6ge unser Beitrag eine kleine Hilfe sein f\u00fcr die schlimme Zeit, die ihr alle gerade durchmachen m\u00fcsst!&#8220;, hei\u00dft es von der FF St. Georgen\/Reith.<\/p>\t\t\t\t\t\t\t\t<\/div>\n\t\t\t\t<\/div>\n\t\t\t\t\t<\/div>\n\t\t<\/div>\n\t\t\t\t\t<\/div>\n\t\t<\/section>\n\t\t\t\t<\/div>\n\t\t","protected":false},"excerpt":{"rendered":"<p>Der schwere Verkehrsunfall vom 24. Dezember, bei dem eine 35-j\u00e4hrige Mutter und Mitglied der Freiwilligen Feuerwehr Untersiebenbrunn verstorben ist, hat auch die Kameraden der FF St. Georgen\/Reith sehr ber\u00fchrt: &#8222;Ihr habt vollkommen recht, wir alle haben Angst vor solch einem Einsatz. W\u00e4hrend wir in unserem Zeughaus bei gem\u00fctlicher Stimmung das Friedenslicht verteilten, musstet Ihr schlimme [&hellip;]<\/p>\n","protected":false},"author":1,"featured_media":4385,"comment_status":"closed","ping_status":"open","sticky":false,"template":"","format":"standard","meta":{"footnotes":""},"categories":[5],"tags":[],"class_list":["post-4384","post","type-post","status-publish","format-standard","has-post-thumbnail","hentry","category-bericht"],"_links":{"self":[{"href":"https:\/\/www.bfk-amstetten.at\/bfkdo\/wp-json\/wp\/v2\/posts\/4384","targetHints":{"allow":["GET"]}}],"collection":[{"href":"https:\/\/www.bfk-amstetten.at\/bfkdo\/wp-json\/wp\/v2\/posts"}],"about":[{"href":"https:\/\/www.bfk-amstetten.at\/bfkdo\/wp-json\/wp\/v2\/types\/post"}],"author":[{"embeddable":true,"href":"https:\/\/www.bfk-amstetten.at\/bfkdo\/wp-json\/wp\/v2\/users\/1"}],"replies":[{"embeddable":true,"href":"https:\/\/www.bfk-amstetten.at\/bfkdo\/wp-json\/wp\/v2\/comments?post=4384"}],"version-history":[{"count":4,"href":"https:\/\/www.bfk-amstetten.at\/bfkdo\/wp-json\/wp\/v2\/posts\/4384\/revisions"}],"predecessor-version":[{"id":4390,"href":"https:\/\/www.bfk-amstetten.at\/bfkdo\/wp-json\/wp\/v2\/posts\/4384\/revisions\/4390"}],"wp:featuredmedia":[{"embeddable":true,"href":"https:\/\/www.bfk-amstetten.at\/bfkdo\/wp-json\/wp\/v2\/media\/4385"}],"wp:attachment":[{"href":"https:\/\/www.bfk-amstetten.at\/bfkdo\/wp-json\/wp\/v2\/media?parent=4384"}],"wp:term":[{"taxonomy":"category","embeddable":true,"href":"https:\/\/www.bfk-amstetten.at\/bfkdo\/wp-json\/wp\/v2\/categories?post=4384"},{"taxonomy":"post_tag","embeddable":true,"href":"https:\/\/www.bfk-amstetten.at\/bfkdo\/wp-json\/wp\/v2\/tags?post=4384"}],"curies":[{"name":"wp","href":"https:\/\/api.w.org\/{rel}","templated":true}]}}