{"id":16276,"date":"2026-09-06T11:57:35","date_gmt":"2026-09-06T09:57:35","guid":{"rendered":"https:\/\/www.bfk-amstetten.at\/bfkdo\/?p=16276"},"modified":"2026-09-06T11:59:11","modified_gmt":"2026-09-06T09:59:11","slug":"orf-zeigt-feuerwehr-doku-alarm","status":"publish","type":"post","link":"https:\/\/www.bfk-amstetten.at\/bfkdo\/orf-zeigt-feuerwehr-doku-alarm\/","title":{"rendered":"ORF zeigt Feuerwehr-Doku ALARM"},"content":{"rendered":"\t\t<div data-elementor-type=\"wp-post\" data-elementor-id=\"16276\" class=\"elementor elementor-16276\">\n\t\t\t\t\t\t<section class=\"elementor-section elementor-top-section elementor-element elementor-element-58ff3e1f elementor-section-boxed elementor-section-height-default elementor-section-height-default\" data-id=\"58ff3e1f\" data-element_type=\"section\" data-e-type=\"section\">\n\t\t\t\t\t\t<div class=\"elementor-container elementor-column-gap-default\">\n\t\t\t\t\t<div class=\"elementor-column elementor-col-50 elementor-top-column elementor-element elementor-element-273d0c1b\" data-id=\"273d0c1b\" data-element_type=\"column\" data-e-type=\"column\">\n\t\t\t<div class=\"elementor-widget-wrap elementor-element-populated\">\n\t\t\t\t\t\t<div class=\"elementor-element elementor-element-191ba51d elementor-invisible elementor-widget elementor-widget-image\" data-id=\"191ba51d\" data-element_type=\"widget\" data-e-type=\"widget\" data-settings=\"{&quot;_animation&quot;:&quot;fadeInLeft&quot;}\" data-widget_type=\"image.default\">\n\t\t\t\t<div class=\"elementor-widget-container\">\n\t\t\t\t\t\t\t\t\t\t\t\t\t\t\t<img fetchpriority=\"high\" decoding=\"async\" width=\"800\" height=\"454\" src=\"https:\/\/www.bfk-amstetten.at\/bfkdo\/wp-content\/uploads\/2026\/09\/794230021_2167177900897774_6742403827293050245_n.jpg\" class=\"attachment-large size-large wp-image-16277\" alt=\"\" srcset=\"https:\/\/www.bfk-amstetten.at\/bfkdo\/wp-content\/uploads\/2026\/09\/794230021_2167177900897774_6742403827293050245_n.jpg 949w, https:\/\/www.bfk-amstetten.at\/bfkdo\/wp-content\/uploads\/2026\/09\/794230021_2167177900897774_6742403827293050245_n-300x170.jpg 300w, https:\/\/www.bfk-amstetten.at\/bfkdo\/wp-content\/uploads\/2026\/09\/794230021_2167177900897774_6742403827293050245_n-768x435.jpg 768w\" sizes=\"(max-width: 800px) 100vw, 800px\" \/>\t\t\t\t\t\t\t\t\t\t\t\t\t\t\t<\/div>\n\t\t\t\t<\/div>\n\t\t\t\t\t<\/div>\n\t\t<\/div>\n\t\t\t\t<div class=\"elementor-column elementor-col-50 elementor-top-column elementor-element elementor-element-6ac999ca\" data-id=\"6ac999ca\" data-element_type=\"column\" data-e-type=\"column\">\n\t\t\t<div class=\"elementor-widget-wrap elementor-element-populated\">\n\t\t\t\t\t\t<div class=\"elementor-element elementor-element-1856813d elementor-widget elementor-widget-text-editor\" data-id=\"1856813d\" data-element_type=\"widget\" data-e-type=\"widget\" data-widget_type=\"text-editor.default\">\n\t\t\t\t<div class=\"elementor-widget-container\">\n\t\t\t\t\t\t\t\t\t<p>Am 06.09. wird um 23.05 Uhr der Film Alarm im ORF ausgestrahlt:&nbsp;<span class=\"html-span xdj266r x14z9mp xat24cr x1lziwak xexx8yu xyri2b x18d9i69 x1c1uobl x1hl2dhg x16tdsg8 x1vvkbs\"><a class=\"x1i10hfl xjbqb8w x1ejq31n x18oe1m7 x1sy0etr xstzfhl x972fbf x10w94by x1qhh985 x14e42zd x9f619 x1ypdohk xt0psk2 x3ct3a4 xdj266r x14z9mp xat24cr x1lziwak xexx8yu xyri2b x18d9i69 x1c1uobl x16tdsg8 x1hl2dhg xggy1nq x1a2a7pz xkrqix3 x1sur9pj x1fey0fg x1s688f\" tabindex=\"0\" role=\"link\" href=\"https:\/\/l.facebook.com\/l.php?u=https%3A%2F%2Ftv.orf.at%2Fprogram%2Forf2%2Falarm100.html%3Ffbclid%3DIwcGRvZgFleHRuA2FlbQIxMABicmlkETFmSldQbFBMNlZ4cmdLT0tvc3J0YwZhcHBfaWQQMjIyMDM5MTc4ODIwMDg5MgABHvGtChXirVtHbZdZOjY-4iCc2zhB3taPQ1uDDCIGmxqWisRGwWe7TwP_ZwUP_aem_-Hfg4xcIFbDLTGfX5aIalw&amp;h=AUAMlKNdbAMpO0uXDV1gz86WZr_QJkCkDhsZpCx01kCDufYE3tlBjWA9S2DXBR3o1ELk2Aqa0O3LcYxaYOIJP9ZQLgtPLf7rcI6ZC2kn4llMxWONPYVqK535jvcZ6W0erEzJv4FCADIanNsR&amp;__tn__=-UK*F&amp;c[0]=AUCgT2Laj0QSNFiXRxDlZuXBjZurbyPVR6tGOQn5ZjHVgdqrfYi1Zcg5R6Wy-QeuIQ7xJKtTRYfADDr2umiw-SDuH5lf--nq6rxThriAGY73e4qfRJhc0_GWhSQv90631UERdq2ErBEAon2GU2Kl-rzYQKpCRfrCcroiWYHxx4y1WFMhI4lGzmlseNus4x1mB-pZp_uBHH0UjUybvZSXS0-Ohg\" target=\"_blank\" rel=\"nofollow noopener\">https:\/\/tv.orf.at\/program\/orf2\/alarm100.html<\/a><\/span><br class=\"html-br\"><br class=\"html-br\">In einer Welt, in der Katastrophen allgegenw\u00e4rtig sind, begleitetdie Regisseurin Judith Zdesar im Dokumentarfilm ALARM die freiwilligen Feuerwehrleute von Wiener Neustadt bei Eins\u00e4tzen, \u00dcbungen und in der Wartezeit dazwischen. Der Film bietet einen intimen, unverstellten Einblick in eine Welt, die von st\u00e4ndiger Vorbereitung auf den Ernstfall gepr\u00e4gt ist&#8230;<\/p>\t\t\t\t\t\t\t\t<\/div>\n\t\t\t\t<\/div>\n\t\t\t\t\t<\/div>\n\t\t<\/div>\n\t\t\t\t\t<\/div>\n\t\t<\/section>\n\t\t\t\t<\/div>\n\t\t","protected":false},"excerpt":{"rendered":"<p>Am 06.09. wird um 23.05 Uhr der Film Alarm im ORF ausgestrahlt:&nbsp;https:\/\/tv.orf.at\/program\/orf2\/alarm100.html In einer Welt, in der Katastrophen allgegenw\u00e4rtig sind, begleitetdie Regisseurin Judith Zdesar im Dokumentarfilm ALARM die freiwilligen Feuerwehrleute von Wiener Neustadt bei Eins\u00e4tzen, \u00dcbungen und in der Wartezeit dazwischen. Der Film bietet einen intimen, unverstellten Einblick in eine Welt, die von st\u00e4ndiger Vorbereitung [&hellip;]<\/p>\n","protected":false},"author":1,"featured_media":16277,"comment_status":"closed","ping_status":"open","sticky":false,"template":"","format":"standard","meta":{"footnotes":""},"categories":[5],"tags":[],"class_list":["post-16276","post","type-post","status-publish","format-standard","has-post-thumbnail","hentry","category-bericht"],"_links":{"self":[{"href":"https:\/\/www.bfk-amstetten.at\/bfkdo\/wp-json\/wp\/v2\/posts\/16276","targetHints":{"allow":["GET"]}}],"collection":[{"href":"https:\/\/www.bfk-amstetten.at\/bfkdo\/wp-json\/wp\/v2\/posts"}],"about":[{"href":"https:\/\/www.bfk-amstetten.at\/bfkdo\/wp-json\/wp\/v2\/types\/post"}],"author":[{"embeddable":true,"href":"https:\/\/www.bfk-amstetten.at\/bfkdo\/wp-json\/wp\/v2\/users\/1"}],"replies":[{"embeddable":true,"href":"https:\/\/www.bfk-amstetten.at\/bfkdo\/wp-json\/wp\/v2\/comments?post=16276"}],"version-history":[{"count":4,"href":"https:\/\/www.bfk-amstetten.at\/bfkdo\/wp-json\/wp\/v2\/posts\/16276\/revisions"}],"predecessor-version":[{"id":16281,"href":"https:\/\/www.bfk-amstetten.at\/bfkdo\/wp-json\/wp\/v2\/posts\/16276\/revisions\/16281"}],"wp:featuredmedia":[{"embeddable":true,"href":"https:\/\/www.bfk-amstetten.at\/bfkdo\/wp-json\/wp\/v2\/media\/16277"}],"wp:attachment":[{"href":"https:\/\/www.bfk-amstetten.at\/bfkdo\/wp-json\/wp\/v2\/media?parent=16276"}],"wp:term":[{"taxonomy":"category","embeddable":true,"href":"https:\/\/www.bfk-amstetten.at\/bfkdo\/wp-json\/wp\/v2\/categories?post=16276"},{"taxonomy":"post_tag","embeddable":true,"href":"https:\/\/www.bfk-amstetten.at\/bfkdo\/wp-json\/wp\/v2\/tags?post=16276"}],"curies":[{"name":"wp","href":"https:\/\/api.w.org\/{rel}","templated":true}]}}