{"id":16269,"date":"2026-09-03T14:21:59","date_gmt":"2026-09-03T12:21:59","guid":{"rendered":"https:\/\/www.bfk-amstetten.at\/bfkdo\/?p=16269"},"modified":"2026-09-03T14:23:17","modified_gmt":"2026-09-03T12:23:17","slug":"42-noe-florianimarsch-am-5-september-2026-in-weinpolz","status":"publish","type":"post","link":"https:\/\/www.bfk-amstetten.at\/bfkdo\/42-noe-florianimarsch-am-5-september-2026-in-weinpolz\/","title":{"rendered":"42. N\u00d6-Florianimarsch am 5. September 2026 in Weinpolz"},"content":{"rendered":"\t\t<div data-elementor-type=\"wp-post\" data-elementor-id=\"16269\" class=\"elementor elementor-16269\">\n\t\t\t\t\t\t<section class=\"elementor-section elementor-top-section elementor-element elementor-element-42dc92e0 elementor-section-boxed elementor-section-height-default elementor-section-height-default\" data-id=\"42dc92e0\" data-element_type=\"section\" data-e-type=\"section\">\n\t\t\t\t\t\t<div class=\"elementor-container elementor-column-gap-default\">\n\t\t\t\t\t<div class=\"elementor-column elementor-col-50 elementor-top-column elementor-element elementor-element-154e13a9\" data-id=\"154e13a9\" data-element_type=\"column\" data-e-type=\"column\">\n\t\t\t<div class=\"elementor-widget-wrap elementor-element-populated\">\n\t\t\t\t\t\t<div class=\"elementor-element elementor-element-2a879996 elementor-invisible elementor-widget elementor-widget-image\" data-id=\"2a879996\" data-element_type=\"widget\" data-e-type=\"widget\" data-settings=\"{&quot;_animation&quot;:&quot;fadeInLeft&quot;}\" data-widget_type=\"image.default\">\n\t\t\t\t<div class=\"elementor-widget-container\">\n\t\t\t\t\t\t\t\t\t\t\t\t\t\t\t<img fetchpriority=\"high\" decoding=\"async\" width=\"724\" height=\"1024\" src=\"https:\/\/www.bfk-amstetten.at\/bfkdo\/wp-content\/uploads\/2026\/09\/791484013_1457936062812893_2154818403174936493_n-724x1024.jpg\" class=\"attachment-large size-large wp-image-16270\" alt=\"\" srcset=\"https:\/\/www.bfk-amstetten.at\/bfkdo\/wp-content\/uploads\/2026\/09\/791484013_1457936062812893_2154818403174936493_n-724x1024.jpg 724w, https:\/\/www.bfk-amstetten.at\/bfkdo\/wp-content\/uploads\/2026\/09\/791484013_1457936062812893_2154818403174936493_n-212x300.jpg 212w, https:\/\/www.bfk-amstetten.at\/bfkdo\/wp-content\/uploads\/2026\/09\/791484013_1457936062812893_2154818403174936493_n-768x1086.jpg 768w, https:\/\/www.bfk-amstetten.at\/bfkdo\/wp-content\/uploads\/2026\/09\/791484013_1457936062812893_2154818403174936493_n-1086x1536.jpg 1086w, https:\/\/www.bfk-amstetten.at\/bfkdo\/wp-content\/uploads\/2026\/09\/791484013_1457936062812893_2154818403174936493_n.jpg 1448w\" sizes=\"(max-width: 724px) 100vw, 724px\" \/>\t\t\t\t\t\t\t\t\t\t\t\t\t\t\t<\/div>\n\t\t\t\t<\/div>\n\t\t\t\t\t<\/div>\n\t\t<\/div>\n\t\t\t\t<div class=\"elementor-column elementor-col-50 elementor-top-column elementor-element elementor-element-477fcd5\" data-id=\"477fcd5\" data-element_type=\"column\" data-e-type=\"column\">\n\t\t\t<div class=\"elementor-widget-wrap elementor-element-populated\">\n\t\t\t\t\t\t<div class=\"elementor-element elementor-element-12976358 elementor-widget elementor-widget-text-editor\" data-id=\"12976358\" data-element_type=\"widget\" data-e-type=\"widget\" data-widget_type=\"text-editor.default\">\n\t\t\t\t<div class=\"elementor-widget-container\">\n\t\t\t\t\t\t\t\t\t<div class=\"x14z9mp xat24cr x1lziwak x1vvkbs xtlvy1s x126k92a\"><div dir=\"auto\">Am\u00a0 5. September 2026 l\u00e4dt die FF Weinpolz zum 42. Floriani-Marsch \u2013 Wallfahrt der N\u00d6 Feuerwehren nach Weinpolz im Bezirk Zwettl.<\/div><div dir=\"auto\">\u00a0<\/div><\/div><div class=\"x14z9mp xat24cr x1lziwak x1vvkbs xtlvy1s x126k92a\"><div dir=\"auto\">Bereits ab 7 Uhr gibt es Fr\u00fchst\u00fcck im Feuerwehrhaus, um 9 Uhr startet der Floriani-Marsch mit zwei Strecken \u00fcber 3 bzw. 5 Kilometer. Um 11 Uhr wird beim Feuerwehrhaus die Feldmesse zelebriert. Anschlie\u00dfend wartet ab 12 Uhr der Mittagstisch mit Fr\u00fchschoppen in der Festhalle. F\u00fcr die musikalische Umrahmung sorgt der Musikverein Scheideldorf.<\/div><div dir=\"auto\">\u00a0<\/div><\/div><div class=\"x14z9mp xat24cr x1lziwak x1vvkbs xtlvy1s x126k92a\"><div dir=\"auto\">Weitere Infos sowie Anmeldung unter: <span class=\"html-span xdj266r x14z9mp xat24cr x1lziwak xexx8yu xyri2b x18d9i69 x1c1uobl x1hl2dhg x16tdsg8 x1vvkbs\"><a class=\"x1i10hfl xjbqb8w x1ejq31n x18oe1m7 x1sy0etr xstzfhl x972fbf x10w94by x1qhh985 x14e42zd x9f619 x1ypdohk xt0psk2 x3ct3a4 xdj266r x14z9mp xat24cr x1lziwak xexx8yu xyri2b x18d9i69 x1c1uobl x16tdsg8 x1hl2dhg xggy1nq x1a2a7pz xkrqix3 x1sur9pj x1fey0fg x1s688f\" tabindex=\"0\" role=\"link\" href=\"http:\/\/www.feuerwehr-weinpolz.at\/?fbclid=IwcGRvZgVleHRuA2FlbQIxMABicmlkETF5a3dqaFVjM3ZpM3FhNTNWc3J0YwZhcHBfaWQQMjIyMDM5MTc4ODIwMDg5MgABHrZHbFkitociEbSNnHtal8kJ38yoV7mqLZK8bbWAfTUwprOxsl6f_IcEIMWA_aem_CXZV1KcK62rRBwZiwcY_Og\" target=\"_blank\" rel=\"nofollow noopener\">www.feuerwehr-weinpolz.at<\/a><\/span><\/div><\/div>\t\t\t\t\t\t\t\t<\/div>\n\t\t\t\t<\/div>\n\t\t\t\t\t<\/div>\n\t\t<\/div>\n\t\t\t\t\t<\/div>\n\t\t<\/section>\n\t\t\t\t<\/div>\n\t\t","protected":false},"excerpt":{"rendered":"<p>Am\u00a0 5. September 2026 l\u00e4dt die FF Weinpolz zum 42. Floriani-Marsch \u2013 Wallfahrt der N\u00d6 Feuerwehren nach Weinpolz im Bezirk Zwettl.\u00a0Bereits ab 7 Uhr gibt es Fr\u00fchst\u00fcck im Feuerwehrhaus, um 9 Uhr startet der Floriani-Marsch mit zwei Strecken \u00fcber 3 bzw. 5 Kilometer. Um 11 Uhr wird beim Feuerwehrhaus die Feldmesse zelebriert. Anschlie\u00dfend wartet ab [&hellip;]<\/p>\n","protected":false},"author":1,"featured_media":16270,"comment_status":"closed","ping_status":"open","sticky":false,"template":"","format":"standard","meta":{"footnotes":""},"categories":[5],"tags":[],"class_list":["post-16269","post","type-post","status-publish","format-standard","has-post-thumbnail","hentry","category-bericht"],"_links":{"self":[{"href":"https:\/\/www.bfk-amstetten.at\/bfkdo\/wp-json\/wp\/v2\/posts\/16269","targetHints":{"allow":["GET"]}}],"collection":[{"href":"https:\/\/www.bfk-amstetten.at\/bfkdo\/wp-json\/wp\/v2\/posts"}],"about":[{"href":"https:\/\/www.bfk-amstetten.at\/bfkdo\/wp-json\/wp\/v2\/types\/post"}],"author":[{"embeddable":true,"href":"https:\/\/www.bfk-amstetten.at\/bfkdo\/wp-json\/wp\/v2\/users\/1"}],"replies":[{"embeddable":true,"href":"https:\/\/www.bfk-amstetten.at\/bfkdo\/wp-json\/wp\/v2\/comments?post=16269"}],"version-history":[{"count":4,"href":"https:\/\/www.bfk-amstetten.at\/bfkdo\/wp-json\/wp\/v2\/posts\/16269\/revisions"}],"predecessor-version":[{"id":16274,"href":"https:\/\/www.bfk-amstetten.at\/bfkdo\/wp-json\/wp\/v2\/posts\/16269\/revisions\/16274"}],"wp:featuredmedia":[{"embeddable":true,"href":"https:\/\/www.bfk-amstetten.at\/bfkdo\/wp-json\/wp\/v2\/media\/16270"}],"wp:attachment":[{"href":"https:\/\/www.bfk-amstetten.at\/bfkdo\/wp-json\/wp\/v2\/media?parent=16269"}],"wp:term":[{"taxonomy":"category","embeddable":true,"href":"https:\/\/www.bfk-amstetten.at\/bfkdo\/wp-json\/wp\/v2\/categories?post=16269"},{"taxonomy":"post_tag","embeddable":true,"href":"https:\/\/www.bfk-amstetten.at\/bfkdo\/wp-json\/wp\/v2\/tags?post=16269"}],"curies":[{"name":"wp","href":"https:\/\/api.w.org\/{rel}","templated":true}]}}