{"id":16241,"date":"2026-08-31T15:48:00","date_gmt":"2026-08-31T13:48:00","guid":{"rendered":"https:\/\/www.bfk-amstetten.at\/bfkdo\/?p=16241"},"modified":"2026-08-31T15:51:03","modified_gmt":"2026-08-31T13:51:03","slug":"ein-alter-lederhelm-erzaehlt-amstettner-feuerwehrgeschichte-auf-der-spur-von-carl-dunkl","status":"publish","type":"post","link":"https:\/\/www.bfk-amstetten.at\/bfkdo\/ein-alter-lederhelm-erzaehlt-amstettner-feuerwehrgeschichte-auf-der-spur-von-carl-dunkl\/","title":{"rendered":"Ein alter Lederhelm erz\u00e4hlt Amstettner Feuerwehrgeschichte &#8211; auf der Spur von Carl Dunkl"},"content":{"rendered":"\t\t<div data-elementor-type=\"wp-post\" data-elementor-id=\"16241\" class=\"elementor elementor-16241\">\n\t\t\t\t\t\t<section class=\"elementor-section elementor-top-section elementor-element elementor-element-602844e2 elementor-section-boxed elementor-section-height-default elementor-section-height-default\" data-id=\"602844e2\" data-element_type=\"section\" data-e-type=\"section\">\n\t\t\t\t\t\t<div class=\"elementor-container elementor-column-gap-default\">\n\t\t\t\t\t<div class=\"elementor-column elementor-col-100 elementor-top-column elementor-element elementor-element-6a69244\" data-id=\"6a69244\" data-element_type=\"column\" data-e-type=\"column\">\n\t\t\t<div class=\"elementor-widget-wrap elementor-element-populated\">\n\t\t\t\t\t\t<div class=\"elementor-element elementor-element-3b9c8bdd elementor-widget elementor-widget-text-editor\" data-id=\"3b9c8bdd\" data-element_type=\"widget\" data-e-type=\"widget\" data-widget_type=\"text-editor.default\">\n\t\t\t\t<div class=\"elementor-widget-container\">\n\t\t\t\t\t\t\t\t\t<div>Manchmal beginnt eine spannende historische Entdeckung mit einem Zufallsfund im Internet. Bezirkssachbearbeiter f\u00fcr Feuerwehrgeschichte Peter Gre\u00dfl von der FF Rosenau stie\u00df auf das Foto eines alten Feuerwehrhelms aus Leder. Der heutige Besitzer: Christian Dunkl aus Amstetten. Was zun\u00e4chst wie ein einzelnes historisches Fundst\u00fcck wirkte, f\u00fchrte Gre\u00dfl tief hinein in die Amstettner Feuerwehr- und Stadtgeschichte.<\/div><div>\u00a0<\/div><div>Bereits am n\u00e4chsten Tag nahm der Feuerwehrhistoriker Kontakt mit der Familie Dunkl auf und vereinbarte einen Besichtigungstermin. Vor Ort er\u00f6ffnete sich ihm ein kleines historisches Schatzk\u00e4stchen: Zahlreiche alte Bilder und Erinnerungsst\u00fccke dokumentieren die Geschichte der Familie Dunkl \u00fcber Generationen hinweg.\u00a0<span style=\"font-size: 1rem;\">Besonders aufmerksam wurde Gre\u00dfl bei einem gro\u00dfen Bild von Carl Dunkl (1). Denn dieser war nicht nur ein bekannter Amstettner Kaufmann, sondern auch Feuerwehrmann.<\/span><br \/><span style=\"font-size: 1rem;\"><br \/><\/span><\/div><div><b>Kaufmann und Feuerwehrmann<\/b><\/div><div>\u00a0<\/div><div>Carl Dunkl wurde 1846 in Weyer geboren und kam 1874 als Kaufmann nach Amstetten. Gemeinsam mit seiner Frau Josefa, geborene Marquart, errichtete er an jener Stelle in der Rathausstra\u00dfe, an der sich heute die Klosterkirche befindet, das erste Detailgesch\u00e4ft f\u00fcr Spezerei- und Manufakturwaren.<\/div><div>Dunkl war gesellschaftlich sehr engagiert und geh\u00f6rte mehreren Vereinen an. Einen besonderen Stellenwert hatte f\u00fcr ihn die Freiwillige Feuerwehr Markt Amstetten. Laut Jahresbericht von 1877 war er als aktives Mitglied bei der Spritzenrotte 2 t\u00e4tig. Im Jahr 1904 erhielt Carl Dunkl eine Auszeichnung f\u00fcr seine langj\u00e4hrige T\u00e4tigkeit. Am 4. M\u00e4rz 1925 verstarb der Amstettner Kaufmann und Feuerwehrmann.<\/div><div>\u00a0<\/div><div><b>Ein Lederhelm mit vielen Geschichten<\/b><\/div><div>\u00a0<\/div><div>Sein Ururenkel Christian Dunkl zeigte Peter Gre\u00dfl schlie\u00dflich jenes besondere St\u00fcck, das die Nachforschungen ausgel\u00f6st hatte: den originalen Feuerwehrhelm aus Leder von Carl Dunkl.<\/div><div>Auf dem historischen Helm befindet sich das damalige Marktwappen mit einem Steinbock in den Fluten. Die zahlreichen Beulen, Kratzer und Gebrauchsspuren machen das St\u00fcck besonders authentisch. Sie lassen erahnen, was dieser Helm w\u00e4hrend seiner aktiven Verwendung vor weit mehr als 100 Jahren erlebt haben k\u00f6nnte.<\/div><div>\u00a0<\/div><div>Doch der Lederhelm ist nicht das einzige erhaltene Zeugnis dieser Epoche. Auch eine historische Axt und ein alter Primusl\u00f6scher wurden von der Familie Dunkl aufbewahrt.<\/div><div>\u00a0<\/div><div>F\u00fcr Peter Gre\u00dfl sind solche Funde von besonderer Bedeutung: Historische Ausr\u00fcstungsgegenst\u00e4nde, Bilder und Dokumente erz\u00e4hlen nicht nur die Geschichte einzelner Feuerwehrmitglieder, sondern geben auch Einblick in die Entwicklung des Feuerwehrwesens im Bezirk Amstetten.<\/div><div>\u00a0<\/div><div>\u201eEs ist eine besondere Freude, wenn solche pers\u00f6nlichen St\u00fccke nach so vielen Jahrzehnten noch vorhanden sind und man die Geschichte dahinter nachvollziehen kann\u201c, freut sich Feuerwehrhistoriker Peter Gre\u00dfl.<\/div><div>\u00a0<\/div><div>Ein besonderer Dank gilt Christian Dunkl und seiner Familie, die diese historischen Sch\u00e4tze bewahrt haben. Dadurch bleibt ein wertvolles St\u00fcck Amstettner Feuerwehrgeschichte auch f\u00fcr kommende Generationen erhalten.<\/div><div>\u00a0<\/div><div>Feuerwehrgeschichte pur \u2013 und vielleicht schlummern in so manchem Dachboden, Keller oder Familienalbum im Bezirk Amstetten noch weitere bislang unbekannte Sch\u00e4tze.<\/div>\t\t\t\t\t\t\t\t<\/div>\n\t\t\t\t<\/div>\n\t\t\t\t\t<\/div>\n\t\t<\/div>\n\t\t\t\t\t<\/div>\n\t\t<\/section>\n\t\t\t\t<section class=\"elementor-section elementor-top-section elementor-element elementor-element-4d0ceaba elementor-section-boxed elementor-section-height-default elementor-section-height-default\" data-id=\"4d0ceaba\" data-element_type=\"section\" data-e-type=\"section\">\n\t\t\t\t\t\t<div class=\"elementor-container elementor-column-gap-default\">\n\t\t\t\t\t<div class=\"elementor-column elementor-col-100 elementor-top-column elementor-element elementor-element-609b76f6\" data-id=\"609b76f6\" data-element_type=\"column\" data-e-type=\"column\">\n\t\t\t<div class=\"elementor-widget-wrap elementor-element-populated\">\n\t\t\t\t\t\t<div class=\"elementor-element elementor-element-35d8c4a0 gallery-spacing-custom animated-slow elementor-invisible elementor-widget elementor-widget-image-gallery\" data-id=\"35d8c4a0\" data-element_type=\"widget\" data-e-type=\"widget\" data-settings=\"{&quot;_animation&quot;:&quot;fadeIn&quot;}\" data-widget_type=\"image-gallery.default\">\n\t\t\t\t<div class=\"elementor-widget-container\">\n\t\t\t\t\t\t\t<div class=\"elementor-image-gallery\">\n\t\t\t<div id='gallery-1' class='gallery galleryid-16241 gallery-columns-6 gallery-size-thumbnail'><figure class='gallery-item'>\n\t\t\t<div class='gallery-icon landscape'>\n\t\t\t\t<a data-elementor-open-lightbox=\"yes\" data-elementor-lightbox-slideshow=\"35d8c4a0\" data-elementor-lightbox-title=\"Dunkl und Gressl\" data-e-action-hash=\"#elementor-action%3Aaction%3Dlightbox%26settings%3DeyJpZCI6MTYyNDQsInVybCI6Imh0dHBzOlwvXC93d3cuYmZrLWFtc3RldHRlbi5hdFwvYmZrZG9cL3dwLWNvbnRlbnRcL3VwbG9hZHNcLzIwMjZcLzA4XC9EdW5rbC11bmQtR3Jlc3NsLTEuanBnIiwic2xpZGVzaG93IjoiMzVkOGM0YTAifQ%3D%3D\" href='https:\/\/www.bfk-amstetten.at\/bfkdo\/wp-content\/uploads\/2026\/08\/Dunkl-und-Gressl-1.jpg'><img decoding=\"async\" width=\"150\" height=\"150\" src=\"https:\/\/www.bfk-amstetten.at\/bfkdo\/wp-content\/uploads\/2026\/08\/Dunkl-und-Gressl-1-150x150.jpg\" class=\"attachment-thumbnail size-thumbnail\" alt=\"\" \/><\/a>\n\t\t\t<\/div><\/figure><figure class='gallery-item'>\n\t\t\t<div class='gallery-icon portrait'>\n\t\t\t\t<a data-elementor-open-lightbox=\"yes\" data-elementor-lightbox-slideshow=\"35d8c4a0\" data-elementor-lightbox-title=\"Dunkl2\" data-e-action-hash=\"#elementor-action%3Aaction%3Dlightbox%26settings%3DeyJpZCI6MTYyNDUsInVybCI6Imh0dHBzOlwvXC93d3cuYmZrLWFtc3RldHRlbi5hdFwvYmZrZG9cL3dwLWNvbnRlbnRcL3VwbG9hZHNcLzIwMjZcLzA4XC9EdW5rbDIuanBnIiwic2xpZGVzaG93IjoiMzVkOGM0YTAifQ%3D%3D\" href='https:\/\/www.bfk-amstetten.at\/bfkdo\/wp-content\/uploads\/2026\/08\/Dunkl2.jpg'><img decoding=\"async\" width=\"150\" height=\"150\" src=\"https:\/\/www.bfk-amstetten.at\/bfkdo\/wp-content\/uploads\/2026\/08\/Dunkl2-150x150.jpg\" class=\"attachment-thumbnail size-thumbnail\" alt=\"\" \/><\/a>\n\t\t\t<\/div><\/figure><figure class='gallery-item'>\n\t\t\t<div class='gallery-icon landscape'>\n\t\t\t\t<a data-elementor-open-lightbox=\"yes\" data-elementor-lightbox-slideshow=\"35d8c4a0\" data-elementor-lightbox-title=\"Dunkl2a\" data-e-action-hash=\"#elementor-action%3Aaction%3Dlightbox%26settings%3DeyJpZCI6MTYyNDYsInVybCI6Imh0dHBzOlwvXC93d3cuYmZrLWFtc3RldHRlbi5hdFwvYmZrZG9cL3dwLWNvbnRlbnRcL3VwbG9hZHNcLzIwMjZcLzA4XC9EdW5rbDJhLmpwZyIsInNsaWRlc2hvdyI6IjM1ZDhjNGEwIn0%3D\" href='https:\/\/www.bfk-amstetten.at\/bfkdo\/wp-content\/uploads\/2026\/08\/Dunkl2a.jpg'><img decoding=\"async\" width=\"150\" height=\"150\" src=\"https:\/\/www.bfk-amstetten.at\/bfkdo\/wp-content\/uploads\/2026\/08\/Dunkl2a-150x150.jpg\" class=\"attachment-thumbnail size-thumbnail\" alt=\"\" \/><\/a>\n\t\t\t<\/div><\/figure><figure class='gallery-item'>\n\t\t\t<div class='gallery-icon portrait'>\n\t\t\t\t<a data-elementor-open-lightbox=\"yes\" data-elementor-lightbox-slideshow=\"35d8c4a0\" data-elementor-lightbox-title=\"Dunkl3\" data-e-action-hash=\"#elementor-action%3Aaction%3Dlightbox%26settings%3DeyJpZCI6MTYyNDcsInVybCI6Imh0dHBzOlwvXC93d3cuYmZrLWFtc3RldHRlbi5hdFwvYmZrZG9cL3dwLWNvbnRlbnRcL3VwbG9hZHNcLzIwMjZcLzA4XC9EdW5rbDMuanBnIiwic2xpZGVzaG93IjoiMzVkOGM0YTAifQ%3D%3D\" href='https:\/\/www.bfk-amstetten.at\/bfkdo\/wp-content\/uploads\/2026\/08\/Dunkl3.jpg'><img loading=\"lazy\" decoding=\"async\" width=\"150\" height=\"150\" src=\"https:\/\/www.bfk-amstetten.at\/bfkdo\/wp-content\/uploads\/2026\/08\/Dunkl3-150x150.jpg\" class=\"attachment-thumbnail size-thumbnail\" alt=\"\" \/><\/a>\n\t\t\t<\/div><\/figure><figure class='gallery-item'>\n\t\t\t<div class='gallery-icon landscape'>\n\t\t\t\t<a data-elementor-open-lightbox=\"yes\" data-elementor-lightbox-slideshow=\"35d8c4a0\" data-elementor-lightbox-title=\"Dunkl4\" data-e-action-hash=\"#elementor-action%3Aaction%3Dlightbox%26settings%3DeyJpZCI6MTYyNDgsInVybCI6Imh0dHBzOlwvXC93d3cuYmZrLWFtc3RldHRlbi5hdFwvYmZrZG9cL3dwLWNvbnRlbnRcL3VwbG9hZHNcLzIwMjZcLzA4XC9EdW5rbDQuanBnIiwic2xpZGVzaG93IjoiMzVkOGM0YTAifQ%3D%3D\" href='https:\/\/www.bfk-amstetten.at\/bfkdo\/wp-content\/uploads\/2026\/08\/Dunkl4.jpg'><img loading=\"lazy\" decoding=\"async\" width=\"150\" height=\"150\" src=\"https:\/\/www.bfk-amstetten.at\/bfkdo\/wp-content\/uploads\/2026\/08\/Dunkl4-150x150.jpg\" class=\"attachment-thumbnail size-thumbnail\" alt=\"\" \/><\/a>\n\t\t\t<\/div><\/figure><figure class='gallery-item'>\n\t\t\t<div class='gallery-icon portrait'>\n\t\t\t\t<a data-elementor-open-lightbox=\"yes\" data-elementor-lightbox-slideshow=\"35d8c4a0\" data-elementor-lightbox-title=\"Gressl\" data-e-action-hash=\"#elementor-action%3Aaction%3Dlightbox%26settings%3DeyJpZCI6MTYyNDksInVybCI6Imh0dHBzOlwvXC93d3cuYmZrLWFtc3RldHRlbi5hdFwvYmZrZG9cL3dwLWNvbnRlbnRcL3VwbG9hZHNcLzIwMjZcLzA4XC9HcmVzc2wuanBnIiwic2xpZGVzaG93IjoiMzVkOGM0YTAifQ%3D%3D\" href='https:\/\/www.bfk-amstetten.at\/bfkdo\/wp-content\/uploads\/2026\/08\/Gressl.jpg'><img loading=\"lazy\" decoding=\"async\" width=\"150\" height=\"150\" src=\"https:\/\/www.bfk-amstetten.at\/bfkdo\/wp-content\/uploads\/2026\/08\/Gressl-150x150.jpg\" class=\"attachment-thumbnail size-thumbnail\" alt=\"\" \/><\/a>\n\t\t\t<\/div><\/figure>\n\t\t<\/div>\n\t\t<\/div>\n\t\t\t\t\t\t<\/div>\n\t\t\t\t<\/div>\n\t\t\t\t\t<\/div>\n\t\t<\/div>\n\t\t\t\t\t<\/div>\n\t\t<\/section>\n\t\t\t\t<\/div>\n\t\t","protected":false},"excerpt":{"rendered":"<p>Manchmal beginnt eine spannende historische Entdeckung mit einem Zufallsfund im Internet. Bezirkssachbearbeiter f\u00fcr Feuerwehrgeschichte Peter Gre\u00dfl von der FF Rosenau stie\u00df auf das Foto eines alten Feuerwehrhelms aus Leder. Der heutige Besitzer: Christian Dunkl aus Amstetten. Was zun\u00e4chst wie ein einzelnes historisches Fundst\u00fcck wirkte, f\u00fchrte Gre\u00dfl tief hinein in die Amstettner Feuerwehr- und Stadtgeschichte.\u00a0Bereits am [&hellip;]<\/p>\n","protected":false},"author":1,"featured_media":16242,"comment_status":"closed","ping_status":"open","sticky":false,"template":"","format":"standard","meta":{"footnotes":""},"categories":[5],"tags":[],"class_list":["post-16241","post","type-post","status-publish","format-standard","has-post-thumbnail","hentry","category-bericht"],"_links":{"self":[{"href":"https:\/\/www.bfk-amstetten.at\/bfkdo\/wp-json\/wp\/v2\/posts\/16241","targetHints":{"allow":["GET"]}}],"collection":[{"href":"https:\/\/www.bfk-amstetten.at\/bfkdo\/wp-json\/wp\/v2\/posts"}],"about":[{"href":"https:\/\/www.bfk-amstetten.at\/bfkdo\/wp-json\/wp\/v2\/types\/post"}],"author":[{"embeddable":true,"href":"https:\/\/www.bfk-amstetten.at\/bfkdo\/wp-json\/wp\/v2\/users\/1"}],"replies":[{"embeddable":true,"href":"https:\/\/www.bfk-amstetten.at\/bfkdo\/wp-json\/wp\/v2\/comments?post=16241"}],"version-history":[{"count":4,"href":"https:\/\/www.bfk-amstetten.at\/bfkdo\/wp-json\/wp\/v2\/posts\/16241\/revisions"}],"predecessor-version":[{"id":16252,"href":"https:\/\/www.bfk-amstetten.at\/bfkdo\/wp-json\/wp\/v2\/posts\/16241\/revisions\/16252"}],"wp:featuredmedia":[{"embeddable":true,"href":"https:\/\/www.bfk-amstetten.at\/bfkdo\/wp-json\/wp\/v2\/media\/16242"}],"wp:attachment":[{"href":"https:\/\/www.bfk-amstetten.at\/bfkdo\/wp-json\/wp\/v2\/media?parent=16241"}],"wp:term":[{"taxonomy":"category","embeddable":true,"href":"https:\/\/www.bfk-amstetten.at\/bfkdo\/wp-json\/wp\/v2\/categories?post=16241"},{"taxonomy":"post_tag","embeddable":true,"href":"https:\/\/www.bfk-amstetten.at\/bfkdo\/wp-json\/wp\/v2\/tags?post=16241"}],"curies":[{"name":"wp","href":"https:\/\/api.w.org\/{rel}","templated":true}]}}