{"id":16213,"date":"2026-08-30T16:37:58","date_gmt":"2026-08-30T14:37:58","guid":{"rendered":"https:\/\/www.bfk-amstetten.at\/bfkdo\/?p=16213"},"modified":"2026-08-30T16:57:14","modified_gmt":"2026-08-30T14:57:14","slug":"hervorragende-bezirks-leistungen-bei-den-landeszillenbewerben-in-gars-kampf","status":"publish","type":"post","link":"https:\/\/www.bfk-amstetten.at\/bfkdo\/hervorragende-bezirks-leistungen-bei-den-landeszillenbewerben-in-gars-kampf\/","title":{"rendered":"Hervorragende Bezirks-Leistungen bei den Landeszillenbewerben in Gars\/Kampf"},"content":{"rendered":"\t\t<div data-elementor-type=\"wp-post\" data-elementor-id=\"16213\" class=\"elementor elementor-16213\">\n\t\t\t\t\t\t<section class=\"elementor-section elementor-top-section elementor-element elementor-element-6a483b34 elementor-section-boxed elementor-section-height-default elementor-section-height-default\" data-id=\"6a483b34\" data-element_type=\"section\" data-e-type=\"section\">\n\t\t\t\t\t\t<div class=\"elementor-container elementor-column-gap-default\">\n\t\t\t\t\t<div class=\"elementor-column elementor-col-100 elementor-top-column elementor-element elementor-element-d1a38a\" data-id=\"d1a38a\" data-element_type=\"column\" data-e-type=\"column\">\n\t\t\t<div class=\"elementor-widget-wrap elementor-element-populated\">\n\t\t\t\t\t\t<div class=\"elementor-element elementor-element-6dd30fbb elementor-widget elementor-widget-text-editor\" data-id=\"6dd30fbb\" data-element_type=\"widget\" data-e-type=\"widget\" data-widget_type=\"text-editor.default\">\n\t\t\t\t<div class=\"elementor-widget-container\">\n\t\t\t\t\t\t\t\t\t<p>Vier Tage lang stand Gars am Kamp (Bezirk Horn) ganz im Zeichen des Wasserdienstes. Von 27. bis 30. August bis Sonntag verwandelte sich der Kamp in eine eindrucksvolle B\u00fchne f\u00fcr Nieder\u00f6sterreichs Zillenfahrerinnen und Zillenfahrer. Beim 68. N\u00d6 Landeswasserdienstleistungsbewerb zeigten die Feuerwehrmitglieder einmal mehr, wie viel Kraft, Ausdauer, Geschicklichkeit und Pr\u00e4zision f\u00fcr den sicheren Umgang mit der Zille notwendig sind. Besonders Jakob Frank von der FF Erla stach aus Bezirks-Sicht heraus.<\/p>\n<p><strong>\u201e<\/strong>F\u00fcr die Durchf\u00fchrung sorgte das Organisationsteam der Freiwilligen Feuerwehren Gars am Kamp und Thunau\u201c, w\u00fcrdigt Josef Fuchsberger, Amstettens Bezirksfeuerwehrkommandant-Stellvertreter und Vorsitzender Arbeitsausschuss Wasserdienst im N\u00d6-Landesfeuerwehrverband, die \u201eperfekte Veranstaltung\u201c.<\/p>\n<p><strong>F\u00fcr den Bezirk Amstetten gibt es wieder viel Grund zum Feiern! <\/strong><\/p>\n<p>Zillen-Einer Meister: 2. Platz: Jakob Frank (FF Erla); 4. Platz: Manfred Pallinger (FF Allhartsberg)<\/p>\n<p>Meisterklasse ohne Alterspunkte: 2. Platz: Jakob Frank, Philipp F\u00fcrst (FF Erla)<\/p>\n<p>Silber (hier wird gelost, wer welche Position \u00fcbernimmt) mit Alterspunkten, 3. Platz: Leopold Forster und Franz Wahl (FF Pantaleon)<\/p>\n<p>Zillen-Einer Allgemein mit Alterspunkten: Franz Wimmer (FF Behamberg<\/p>\n<p>Mannschaftswertung: Platz 4 f\u00fcr die FF Erla<\/p>\n<p>Zu den Top 3-Pl\u00e4tzen kamen noch weitere Top 10-Ergebnisse, was von der starken Aufstellung des Feuerwehrwesens im Bezirk Amstetten zeugt.<\/p>\n<p><strong>Schwierige Bedingungen<\/strong><\/p>\n<p>Der Kamp f\u00fchrte kaum bis keine Str\u00f6mung \u2013 was den Bewerb keineswegs leichter machte. Ganz im Gegenteil: Wo die Unterst\u00fctzung durch die Str\u00f6mung fehlte, musste jeder Meter mit eigener Muskelkraft erarbeitet werden. Vor allem beim Rudern machte sich das deutlich bemerkbar und verlangte den Zillenbesatzungen enorme Kraft und Ausdauer ab.<\/p>\n<p><strong>Gold als besondere Herausforderung \u2013 Silber &amp; Bronze an Zeillern und Stefanshart<\/strong><\/p>\n<p>Mit dem 51. Bewerb um das Wasserdienstleistungsabzeichen in Gold stand seine der anspruchsvollsten Pr\u00fcfungen im nieder\u00f6sterreichischen Wasserdienst auf dem Programm. Anders als bei den klassischen Zillenbewerben z\u00e4hlt hier nicht nur die Leistung auf dem Wasser: Die Teilnehmerinnen und Teilnehmer m\u00fcssen ihr umfassendes K\u00f6nnen und Fachwissen unter Beweis stellen.<\/p>\n<p>Den Sieg in der Wertung Allgemein holte sich David Lastonersky von der Feuerwehr Trasdorf. Mit 221,14 Punkten setzte er sich an die Spitze des Teilnehmerfeldes und sicherte sich damit den ersten Platz vor Christoph Rafetseder aus Zeillern mit 218,12 Punkten und Gerald Ruthner aus Stefanshart mit 216,13 Punkten.&nbsp;<\/p>\n<p><strong>Fahnen\u00fcbergabe an die FF Allhartsberg<\/strong><\/p>\n<p>Der abschlie\u00dfende H\u00f6hepunkt war die Fahnen\u00fcbergabe: Im Jahr 2027 organisiert die FF Allhartsberg sowohl die Bewerbe auf Bezirks- als auch auf Landesebene \u2013 und zwar auf der Ybbs! Die Vorbereitungen der FF Allhartsberg sind bereits voll angelaufen.<\/p>\n<p>Zur Erinnerung: Die Zille ist oft das einzig m\u00f6gliche und schnellste Einsatzfahrzeug bei Hochwasserkatastrophen.<\/p>\t\t\t\t\t\t\t\t<\/div>\n\t\t\t\t<\/div>\n\t\t\t\t\t<\/div>\n\t\t<\/div>\n\t\t\t\t\t<\/div>\n\t\t<\/section>\n\t\t\t\t<section class=\"elementor-section elementor-top-section elementor-element elementor-element-3da98996 elementor-section-boxed elementor-section-height-default elementor-section-height-default\" data-id=\"3da98996\" data-element_type=\"section\" data-e-type=\"section\">\n\t\t\t\t\t\t<div class=\"elementor-container elementor-column-gap-default\">\n\t\t\t\t\t<div class=\"elementor-column elementor-col-100 elementor-top-column elementor-element elementor-element-310cdbcc\" data-id=\"310cdbcc\" data-element_type=\"column\" data-e-type=\"column\">\n\t\t\t<div class=\"elementor-widget-wrap elementor-element-populated\">\n\t\t\t\t\t\t<div class=\"elementor-element elementor-element-441b022c gallery-spacing-custom animated-slow elementor-invisible elementor-widget elementor-widget-image-gallery\" data-id=\"441b022c\" data-element_type=\"widget\" data-e-type=\"widget\" data-settings=\"{&quot;_animation&quot;:&quot;fadeIn&quot;}\" data-widget_type=\"image-gallery.default\">\n\t\t\t\t<div class=\"elementor-widget-container\">\n\t\t\t\t\t\t\t<div class=\"elementor-image-gallery\">\n\t\t\t<div id='gallery-1' class='gallery galleryid-16213 gallery-columns-6 gallery-size-thumbnail'><figure class='gallery-item'>\n\t\t\t<div class='gallery-icon landscape'>\n\t\t\t\t<a data-elementor-open-lightbox=\"yes\" data-elementor-lightbox-slideshow=\"441b022c\" data-elementor-lightbox-title=\"Diakon Franz Wimmer von der FF Behamberg bei der Siegerehrung\" data-e-action-hash=\"#elementor-action%3Aaction%3Dlightbox%26settings%3DeyJpZCI6MTYyMTYsInVybCI6Imh0dHBzOlwvXC93d3cuYmZrLWFtc3RldHRlbi5hdFwvYmZrZG9cL3dwLWNvbnRlbnRcL3VwbG9hZHNcLzIwMjZcLzA4XC9EaWFrb24tRnJhbnotV2ltbWVyLXZvbi1kZXItRkYtQmVoYW1iZXJnLWJlaS1kZXItU2llZ2VyZWhydW5nLmpwZyIsInNsaWRlc2hvdyI6IjQ0MWIwMjJjIn0%3D\" href='https:\/\/www.bfk-amstetten.at\/bfkdo\/wp-content\/uploads\/2026\/08\/Diakon-Franz-Wimmer-von-der-FF-Behamberg-bei-der-Siegerehrung.jpg'><img decoding=\"async\" width=\"150\" height=\"150\" src=\"https:\/\/www.bfk-amstetten.at\/bfkdo\/wp-content\/uploads\/2026\/08\/Diakon-Franz-Wimmer-von-der-FF-Behamberg-bei-der-Siegerehrung-150x150.jpg\" class=\"attachment-thumbnail size-thumbnail\" alt=\"\" \/><\/a>\n\t\t\t<\/div><\/figure><figure class='gallery-item'>\n\t\t\t<div class='gallery-icon landscape'>\n\t\t\t\t<a data-elementor-open-lightbox=\"yes\" data-elementor-lightbox-slideshow=\"441b022c\" data-elementor-lightbox-title=\"Erfolgreiche Teamleistung der FF Erla\" data-e-action-hash=\"#elementor-action%3Aaction%3Dlightbox%26settings%3DeyJpZCI6MTYyMTcsInVybCI6Imh0dHBzOlwvXC93d3cuYmZrLWFtc3RldHRlbi5hdFwvYmZrZG9cL3dwLWNvbnRlbnRcL3VwbG9hZHNcLzIwMjZcLzA4XC9FcmZvbGdyZWljaGUtVGVhbWxlaXN0dW5nLWRlci1GRi1FcmxhLmpwZyIsInNsaWRlc2hvdyI6IjQ0MWIwMjJjIn0%3D\" href='https:\/\/www.bfk-amstetten.at\/bfkdo\/wp-content\/uploads\/2026\/08\/Erfolgreiche-Teamleistung-der-FF-Erla.jpg'><img decoding=\"async\" width=\"150\" height=\"150\" src=\"https:\/\/www.bfk-amstetten.at\/bfkdo\/wp-content\/uploads\/2026\/08\/Erfolgreiche-Teamleistung-der-FF-Erla-150x150.jpg\" class=\"attachment-thumbnail size-thumbnail\" alt=\"\" \/><\/a>\n\t\t\t<\/div><\/figure><figure class='gallery-item'>\n\t\t\t<div class='gallery-icon landscape'>\n\t\t\t\t<a data-elementor-open-lightbox=\"yes\" data-elementor-lightbox-slideshow=\"441b022c\" data-elementor-lightbox-title=\"Jakob Frank auf Silberfahrt Meisterklasse Einer.jpg\" data-e-action-hash=\"#elementor-action%3Aaction%3Dlightbox%26settings%3DeyJpZCI6MTYyMTgsInVybCI6Imh0dHBzOlwvXC93d3cuYmZrLWFtc3RldHRlbi5hdFwvYmZrZG9cL3dwLWNvbnRlbnRcL3VwbG9hZHNcLzIwMjZcLzA4XC9KYWtvYi1GcmFuay1hdWYtU2lsYmVyZmFocnQtTWVpc3RlcmtsYXNzZS1FaW5lci5qcGcuanBnIiwic2xpZGVzaG93IjoiNDQxYjAyMmMifQ%3D%3D\" href='https:\/\/www.bfk-amstetten.at\/bfkdo\/wp-content\/uploads\/2026\/08\/Jakob-Frank-auf-Silberfahrt-Meisterklasse-Einer.jpg.jpg'><img decoding=\"async\" width=\"150\" height=\"150\" src=\"https:\/\/www.bfk-amstetten.at\/bfkdo\/wp-content\/uploads\/2026\/08\/Jakob-Frank-auf-Silberfahrt-Meisterklasse-Einer.jpg-150x150.jpg\" class=\"attachment-thumbnail size-thumbnail\" alt=\"\" \/><\/a>\n\t\t\t<\/div><\/figure><figure class='gallery-item'>\n\t\t\t<div class='gallery-icon landscape'>\n\t\t\t\t<a data-elementor-open-lightbox=\"yes\" data-elementor-lightbox-slideshow=\"441b022c\" data-elementor-lightbox-title=\"Jakob Frank auf Silberfahrt Meisterklasse Einer_weiteres Bild\" data-e-action-hash=\"#elementor-action%3Aaction%3Dlightbox%26settings%3DeyJpZCI6MTYyMTksInVybCI6Imh0dHBzOlwvXC93d3cuYmZrLWFtc3RldHRlbi5hdFwvYmZrZG9cL3dwLWNvbnRlbnRcL3VwbG9hZHNcLzIwMjZcLzA4XC9KYWtvYi1GcmFuay1hdWYtU2lsYmVyZmFocnQtTWVpc3RlcmtsYXNzZS1FaW5lcl93ZWl0ZXJlcy1CaWxkLmpwZyIsInNsaWRlc2hvdyI6IjQ0MWIwMjJjIn0%3D\" href='https:\/\/www.bfk-amstetten.at\/bfkdo\/wp-content\/uploads\/2026\/08\/Jakob-Frank-auf-Silberfahrt-Meisterklasse-Einer_weiteres-Bild.jpg'><img loading=\"lazy\" decoding=\"async\" width=\"150\" height=\"150\" src=\"https:\/\/www.bfk-amstetten.at\/bfkdo\/wp-content\/uploads\/2026\/08\/Jakob-Frank-auf-Silberfahrt-Meisterklasse-Einer_weiteres-Bild-150x150.jpg\" class=\"attachment-thumbnail size-thumbnail\" alt=\"\" \/><\/a>\n\t\t\t<\/div><\/figure><figure class='gallery-item'>\n\t\t\t<div class='gallery-icon landscape'>\n\t\t\t\t<a data-elementor-open-lightbox=\"yes\" data-elementor-lightbox-slideshow=\"441b022c\" data-elementor-lightbox-title=\"Jakob Frank und Philipp F\u00fcrst bei der Siegerehrung\" data-e-action-hash=\"#elementor-action%3Aaction%3Dlightbox%26settings%3DeyJpZCI6MTYyMjEsInVybCI6Imh0dHBzOlwvXC93d3cuYmZrLWFtc3RldHRlbi5hdFwvYmZrZG9cL3dwLWNvbnRlbnRcL3VwbG9hZHNcLzIwMjZcLzA4XC9KYWtvYi1GcmFuay11bmQtUGhpbGlwcC1GdWVyc3QtYmVpLWRlci1TaWVnZXJlaHJ1bmcuanBnIiwic2xpZGVzaG93IjoiNDQxYjAyMmMifQ%3D%3D\" href='https:\/\/www.bfk-amstetten.at\/bfkdo\/wp-content\/uploads\/2026\/08\/Jakob-Frank-und-Philipp-Fuerst-bei-der-Siegerehrung.jpg'><img loading=\"lazy\" decoding=\"async\" width=\"150\" height=\"150\" src=\"https:\/\/www.bfk-amstetten.at\/bfkdo\/wp-content\/uploads\/2026\/08\/Jakob-Frank-und-Philipp-Fuerst-bei-der-Siegerehrung-150x150.jpg\" class=\"attachment-thumbnail size-thumbnail\" alt=\"\" \/><\/a>\n\t\t\t<\/div><\/figure><figure class='gallery-item'>\n\t\t\t<div class='gallery-icon portrait'>\n\t\t\t\t<a data-elementor-open-lightbox=\"yes\" data-elementor-lightbox-slideshow=\"441b022c\" data-elementor-lightbox-title=\"Jakob Frank und Philipp F\u00fcrst von der FF Erla auf Silberfahrt\" data-e-action-hash=\"#elementor-action%3Aaction%3Dlightbox%26settings%3DeyJpZCI6MTYyMjIsInVybCI6Imh0dHBzOlwvXC93d3cuYmZrLWFtc3RldHRlbi5hdFwvYmZrZG9cL3dwLWNvbnRlbnRcL3VwbG9hZHNcLzIwMjZcLzA4XC9KYWtvYi1GcmFuay11bmQtUGhpbGlwcC1GdWVyc3Qtdm9uLWRlci1GRi1FcmxhLWF1Zi1TaWxiZXJmYWhydC5qcGciLCJzbGlkZXNob3ciOiI0NDFiMDIyYyJ9\" href='https:\/\/www.bfk-amstetten.at\/bfkdo\/wp-content\/uploads\/2026\/08\/Jakob-Frank-und-Philipp-Fuerst-von-der-FF-Erla-auf-Silberfahrt.jpg'><img loading=\"lazy\" decoding=\"async\" width=\"150\" height=\"150\" src=\"https:\/\/www.bfk-amstetten.at\/bfkdo\/wp-content\/uploads\/2026\/08\/Jakob-Frank-und-Philipp-Fuerst-von-der-FF-Erla-auf-Silberfahrt-150x150.jpg\" class=\"attachment-thumbnail size-thumbnail\" alt=\"\" \/><\/a>\n\t\t\t<\/div><\/figure><figure class='gallery-item'>\n\t\t\t<div class='gallery-icon portrait'>\n\t\t\t\t<a data-elementor-open-lightbox=\"yes\" data-elementor-lightbox-slideshow=\"441b022c\" data-elementor-lightbox-title=\"Leopold Forster und Franz von der FF St. Pantaleon_Platz 3 Zillenzweier Silber B\" data-e-action-hash=\"#elementor-action%3Aaction%3Dlightbox%26settings%3DeyJpZCI6MTYyMjMsInVybCI6Imh0dHBzOlwvXC93d3cuYmZrLWFtc3RldHRlbi5hdFwvYmZrZG9cL3dwLWNvbnRlbnRcL3VwbG9hZHNcLzIwMjZcLzA4XC9MZW9wb2xkLUZvcnN0ZXItdW5kLUZyYW56LXZvbi1kZXItRkYtU3QuLVBhbnRhbGVvbl9QbGF0ei0zLVppbGxlbnp3ZWllci1TaWxiZXItQi5qcGciLCJzbGlkZXNob3ciOiI0NDFiMDIyYyJ9\" href='https:\/\/www.bfk-amstetten.at\/bfkdo\/wp-content\/uploads\/2026\/08\/Leopold-Forster-und-Franz-von-der-FF-St.-Pantaleon_Platz-3-Zillenzweier-Silber-B.jpg'><img loading=\"lazy\" decoding=\"async\" width=\"150\" height=\"150\" src=\"https:\/\/www.bfk-amstetten.at\/bfkdo\/wp-content\/uploads\/2026\/08\/Leopold-Forster-und-Franz-von-der-FF-St.-Pantaleon_Platz-3-Zillenzweier-Silber-B-150x150.jpg\" class=\"attachment-thumbnail size-thumbnail\" alt=\"\" \/><\/a>\n\t\t\t<\/div><\/figure><figure class='gallery-item'>\n\t\t\t<div class='gallery-icon portrait'>\n\t\t\t\t<a data-elementor-open-lightbox=\"yes\" data-elementor-lightbox-slideshow=\"441b022c\" data-elementor-lightbox-title=\"Wasserdienstleistungsabzeichen in Gold - Christoph Rafetseder 2.Platz FF Zeillern und Gerald Ruthner FF Stefanshart 3. Platz\" data-e-action-hash=\"#elementor-action%3Aaction%3Dlightbox%26settings%3DeyJpZCI6MTYyMjQsInVybCI6Imh0dHBzOlwvXC93d3cuYmZrLWFtc3RldHRlbi5hdFwvYmZrZG9cL3dwLWNvbnRlbnRcL3VwbG9hZHNcLzIwMjZcLzA4XC9XYXNzZXJkaWVuc3RsZWlzdHVuZ3NhYnplaWNoZW4taW4tR29sZC1DaHJpc3RvcGgtUmFmZXRzZWRlci0yLlBsYXR6LUZGLVplaWxsZXJuLXVuZC1HZXJhbGQtUnV0aG5lci1GRi1TdGVmYW5zaGFydC0zLi1QbGF0ei0xLmpwZyIsInNsaWRlc2hvdyI6IjQ0MWIwMjJjIn0%3D\" href='https:\/\/www.bfk-amstetten.at\/bfkdo\/wp-content\/uploads\/2026\/08\/Wasserdienstleistungsabzeichen-in-Gold-Christoph-Rafetseder-2.Platz-FF-Zeillern-und-Gerald-Ruthner-FF-Stefanshart-3.-Platz-1.jpg'><img loading=\"lazy\" decoding=\"async\" width=\"150\" height=\"150\" src=\"https:\/\/www.bfk-amstetten.at\/bfkdo\/wp-content\/uploads\/2026\/08\/Wasserdienstleistungsabzeichen-in-Gold-Christoph-Rafetseder-2.Platz-FF-Zeillern-und-Gerald-Ruthner-FF-Stefanshart-3.-Platz-1-150x150.jpg\" class=\"attachment-thumbnail size-thumbnail\" alt=\"\" \/><\/a>\n\t\t\t<\/div><\/figure><figure class='gallery-item'>\n\t\t\t<div class='gallery-icon portrait'>\n\t\t\t\t<a data-elementor-open-lightbox=\"yes\" data-elementor-lightbox-slideshow=\"441b022c\" data-elementor-lightbox-title=\"Wasserdienstleistungsabzeichen in Gold - Christoph Rafetseder 2.Platz FF Zeillern und Gerald Ruthner FF Stefanshart 3. Platz\" data-e-action-hash=\"#elementor-action%3Aaction%3Dlightbox%26settings%3DeyJpZCI6MTYyMzAsInVybCI6Imh0dHBzOlwvXC93d3cuYmZrLWFtc3RldHRlbi5hdFwvYmZrZG9cL3dwLWNvbnRlbnRcL3VwbG9hZHNcLzIwMjZcLzA4XC8wLmpwZyIsInNsaWRlc2hvdyI6IjQ0MWIwMjJjIn0%3D\" href='https:\/\/www.bfk-amstetten.at\/bfkdo\/wp-content\/uploads\/2026\/08\/0.jpg'><img loading=\"lazy\" decoding=\"async\" width=\"150\" height=\"150\" src=\"https:\/\/www.bfk-amstetten.at\/bfkdo\/wp-content\/uploads\/2026\/08\/0-150x150.jpg\" class=\"attachment-thumbnail size-thumbnail\" alt=\"\" \/><\/a>\n\t\t\t<\/div><\/figure><figure class='gallery-item'>\n\t\t\t<div class='gallery-icon portrait'>\n\t\t\t\t<a data-elementor-open-lightbox=\"yes\" data-elementor-lightbox-slideshow=\"441b022c\" data-elementor-lightbox-title=\"1\" data-e-action-hash=\"#elementor-action%3Aaction%3Dlightbox%26settings%3DeyJpZCI6MTYyMzEsInVybCI6Imh0dHBzOlwvXC93d3cuYmZrLWFtc3RldHRlbi5hdFwvYmZrZG9cL3dwLWNvbnRlbnRcL3VwbG9hZHNcLzIwMjZcLzA4XC8xLTYuanBnIiwic2xpZGVzaG93IjoiNDQxYjAyMmMifQ%3D%3D\" href='https:\/\/www.bfk-amstetten.at\/bfkdo\/wp-content\/uploads\/2026\/08\/1-6.jpg'><img loading=\"lazy\" decoding=\"async\" width=\"150\" height=\"150\" src=\"https:\/\/www.bfk-amstetten.at\/bfkdo\/wp-content\/uploads\/2026\/08\/1-6-150x150.jpg\" class=\"attachment-thumbnail size-thumbnail\" alt=\"\" \/><\/a>\n\t\t\t<\/div><\/figure><figure class='gallery-item'>\n\t\t\t<div class='gallery-icon portrait'>\n\t\t\t\t<a data-elementor-open-lightbox=\"yes\" data-elementor-lightbox-slideshow=\"441b022c\" data-elementor-lightbox-title=\"Bewerbsfahne\" data-e-action-hash=\"#elementor-action%3Aaction%3Dlightbox%26settings%3DeyJpZCI6MTYyMzIsInVybCI6Imh0dHBzOlwvXC93d3cuYmZrLWFtc3RldHRlbi5hdFwvYmZrZG9cL3dwLWNvbnRlbnRcL3VwbG9hZHNcLzIwMjZcLzA4XC9CZXdlcmJzZmFobmUtc2NhbGVkLmpwZyIsInNsaWRlc2hvdyI6IjQ0MWIwMjJjIn0%3D\" href='https:\/\/www.bfk-amstetten.at\/bfkdo\/wp-content\/uploads\/2026\/08\/Bewerbsfahne-scaled.jpg'><img loading=\"lazy\" decoding=\"async\" width=\"150\" height=\"150\" src=\"https:\/\/www.bfk-amstetten.at\/bfkdo\/wp-content\/uploads\/2026\/08\/Bewerbsfahne-150x150.jpg\" class=\"attachment-thumbnail size-thumbnail\" alt=\"\" \/><\/a>\n\t\t\t<\/div><\/figure>\n\t\t<\/div>\n\t\t<\/div>\n\t\t\t\t\t\t<\/div>\n\t\t\t\t<\/div>\n\t\t\t\t\t<\/div>\n\t\t<\/div>\n\t\t\t\t\t<\/div>\n\t\t<\/section>\n\t\t\t\t<\/div>\n\t\t","protected":false},"excerpt":{"rendered":"<p>Vier Tage lang stand Gars am Kamp (Bezirk Horn) ganz im Zeichen des Wasserdienstes. Von 27. bis 30. August bis Sonntag verwandelte sich der Kamp in eine eindrucksvolle B\u00fchne f\u00fcr Nieder\u00f6sterreichs Zillenfahrerinnen und Zillenfahrer. Beim 68. N\u00d6 Landeswasserdienstleistungsbewerb zeigten die Feuerwehrmitglieder einmal mehr, wie viel Kraft, Ausdauer, Geschicklichkeit und Pr\u00e4zision f\u00fcr den sicheren Umgang mit [&hellip;]<\/p>\n","protected":false},"author":1,"featured_media":16228,"comment_status":"closed","ping_status":"open","sticky":false,"template":"","format":"standard","meta":{"footnotes":""},"categories":[5],"tags":[],"class_list":["post-16213","post","type-post","status-publish","format-standard","has-post-thumbnail","hentry","category-bericht"],"_links":{"self":[{"href":"https:\/\/www.bfk-amstetten.at\/bfkdo\/wp-json\/wp\/v2\/posts\/16213","targetHints":{"allow":["GET"]}}],"collection":[{"href":"https:\/\/www.bfk-amstetten.at\/bfkdo\/wp-json\/wp\/v2\/posts"}],"about":[{"href":"https:\/\/www.bfk-amstetten.at\/bfkdo\/wp-json\/wp\/v2\/types\/post"}],"author":[{"embeddable":true,"href":"https:\/\/www.bfk-amstetten.at\/bfkdo\/wp-json\/wp\/v2\/users\/1"}],"replies":[{"embeddable":true,"href":"https:\/\/www.bfk-amstetten.at\/bfkdo\/wp-json\/wp\/v2\/comments?post=16213"}],"version-history":[{"count":12,"href":"https:\/\/www.bfk-amstetten.at\/bfkdo\/wp-json\/wp\/v2\/posts\/16213\/revisions"}],"predecessor-version":[{"id":16240,"href":"https:\/\/www.bfk-amstetten.at\/bfkdo\/wp-json\/wp\/v2\/posts\/16213\/revisions\/16240"}],"wp:featuredmedia":[{"embeddable":true,"href":"https:\/\/www.bfk-amstetten.at\/bfkdo\/wp-json\/wp\/v2\/media\/16228"}],"wp:attachment":[{"href":"https:\/\/www.bfk-amstetten.at\/bfkdo\/wp-json\/wp\/v2\/media?parent=16213"}],"wp:term":[{"taxonomy":"category","embeddable":true,"href":"https:\/\/www.bfk-amstetten.at\/bfkdo\/wp-json\/wp\/v2\/categories?post=16213"},{"taxonomy":"post_tag","embeddable":true,"href":"https:\/\/www.bfk-amstetten.at\/bfkdo\/wp-json\/wp\/v2\/tags?post=16213"}],"curies":[{"name":"wp","href":"https:\/\/api.w.org\/{rel}","templated":true}]}}