{"id":14457,"date":"2026-05-01T06:47:41","date_gmt":"2026-05-01T04:47:41","guid":{"rendered":"https:\/\/www.bfk-amstetten.at\/bfkdo\/?p=14457"},"modified":"2026-05-01T06:50:03","modified_gmt":"2026-05-01T04:50:03","slug":"ff-st-georgen-ybbsfelde-zu-unfall-mit-mehreren-verletzten-auf-die-a1-ausgerueckt","status":"publish","type":"post","link":"https:\/\/www.bfk-amstetten.at\/bfkdo\/ff-st-georgen-ybbsfelde-zu-unfall-mit-mehreren-verletzten-auf-die-a1-ausgerueckt\/","title":{"rendered":"FF St. Georgen\/Ybbsfelde zu Unfall mit mehreren Verletzten auf die A1 ausger\u00fcckt"},"content":{"rendered":"\t\t<div data-elementor-type=\"wp-post\" data-elementor-id=\"14457\" class=\"elementor elementor-14457\">\n\t\t\t\t\t\t<section class=\"elementor-section elementor-top-section elementor-element elementor-element-f3c5a8f elementor-section-boxed elementor-section-height-default elementor-section-height-default\" data-id=\"f3c5a8f\" data-element_type=\"section\" data-e-type=\"section\">\n\t\t\t\t\t\t<div class=\"elementor-container elementor-column-gap-default\">\n\t\t\t\t\t<div class=\"elementor-column elementor-col-100 elementor-top-column elementor-element elementor-element-2f5c6749\" data-id=\"2f5c6749\" data-element_type=\"column\" data-e-type=\"column\">\n\t\t\t<div class=\"elementor-widget-wrap elementor-element-populated\">\n\t\t\t\t\t\t<div class=\"elementor-element elementor-element-4bda8a2 elementor-widget elementor-widget-text-editor\" data-id=\"4bda8a2\" data-element_type=\"widget\" data-e-type=\"widget\" data-widget_type=\"text-editor.default\">\n\t\t\t\t<div class=\"elementor-widget-container\">\n\t\t\t\t\t\t\t\t\t<h3>Presseaussendung der Polizei Nieder\u00f6sterreich<\/h3><p>Zu einem Verkehrsunfall kam es am 30. April 2026, gegen 08:30 Uhr, auf der A 1, Westautobahn, im Gemeindegebiet von Viehdorf.<\/p><p>Eine 42-j\u00e4hrige Frau aus dem 19. Wiener Gemeindebezirk lenkte einen Pkw auf der A 1, aus Richtung Wien kommend in Fahrtrichtung Linz, auf dem zweiten Fahrstreifen. Pl\u00f6tzlich habe ein vor ihr fahrender Lkw vom ersten auf den zweiten Fahrstreifen gewechselt. Bei dem Versuch auf den dritten Fahrstreifen auszuweichen, kollidierte sie mit einem dort auf gleicher H\u00f6he fahrenden Pkw, gelenkt von einem 44-j\u00e4hrigen Mann aus dem Bezirk Rohrbach (O\u00d6). Die 42-J\u00e4hrige konnte den gelenkten Pkw nach der Kollision auf dem zweiten Fahrstreifen zum Stillstand bringen. Ein hinter ihr fahrender 75-j\u00e4hriger Pkw-Lenker aus dem Bezirk Amstetten habe nicht mehr rechtzeitig abbremsen bzw. ausweichen k\u00f6nnen, weshalb er auf den Pkw der 42-J\u00e4hrigen auffuhr.<\/p><p>Durch den Zusammensto\u00df kam der Pkw der 42-J\u00e4hrigen ins Schleudern und auf dem dritten Fahrstreifen entgegen der Fahrtrichtung zum Stillstand. Die Pkw-Lenkerin wurde von den Einsatzkr\u00e4ften der Freiwilligen Feuerwehr aus dem Fahrzeug befreit. Der 75-J\u00e4hrige und die 42-J\u00e4hrige wurden mit schweren Verletzungen in das Landesklinikum Amstetten verbracht. Der 44-J\u00e4hrige, mit dem die Lenkerin beim Ausweichversuch kollidierte, wurde durch den Unfall nicht verletzt.<\/p><p>F\u00fcr die Dauer der Bergungs- und Aufr\u00e4umarbeiten blieb die A 1 in Fahrtrichtung Linz f\u00fcr ca. 20 Minuten gesperrt. Es kam zu einem erheblichen R\u00fcckstau.<\/p>\t\t\t\t\t\t\t\t<\/div>\n\t\t\t\t<\/div>\n\t\t\t\t\t<\/div>\n\t\t<\/div>\n\t\t\t\t\t<\/div>\n\t\t<\/section>\n\t\t\t\t<section class=\"elementor-section elementor-top-section elementor-element elementor-element-40661f5d elementor-section-boxed elementor-section-height-default elementor-section-height-default\" data-id=\"40661f5d\" data-element_type=\"section\" data-e-type=\"section\">\n\t\t\t\t\t\t<div class=\"elementor-container elementor-column-gap-default\">\n\t\t\t\t\t<div class=\"elementor-column elementor-col-100 elementor-top-column elementor-element elementor-element-48b0f399\" data-id=\"48b0f399\" data-element_type=\"column\" data-e-type=\"column\">\n\t\t\t<div class=\"elementor-widget-wrap elementor-element-populated\">\n\t\t\t\t\t\t<div class=\"elementor-element elementor-element-7e766d03 gallery-spacing-custom animated-slow elementor-invisible elementor-widget elementor-widget-image-gallery\" data-id=\"7e766d03\" data-element_type=\"widget\" data-e-type=\"widget\" data-settings=\"{&quot;_animation&quot;:&quot;fadeIn&quot;}\" data-widget_type=\"image-gallery.default\">\n\t\t\t\t<div class=\"elementor-widget-container\">\n\t\t\t\t\t\t\t<div class=\"elementor-image-gallery\">\n\t\t\t\n<a data-elementor-open-lightbox=\"yes\" data-elementor-lightbox-slideshow=\"7e766d03\" data-e-action-hash=\"#elementor-action%3Aaction%3Dlightbox%26settings%3DeyJpZCI6MTQ0NjAsInVybCI6Imh0dHBzOlwvXC93d3cuYmZrLWFtc3RldHRlbi5hdFwvYmZrZG9cL3dwLWNvbnRlbnRcL3VwbG9hZHNcLzIwMjZcLzA1XC8wLTEuanBnIiwic2xpZGVzaG93IjoiN2U3NjZkMDMifQ%3D%3D\" href='https:\/\/www.bfk-amstetten.at\/bfkdo\/wp-content\/uploads\/2026\/05\/0-1.jpg'><img decoding=\"async\" width=\"150\" height=\"150\" src=\"https:\/\/www.bfk-amstetten.at\/bfkdo\/wp-content\/uploads\/2026\/05\/0-1-150x150.jpg\" class=\"attachment-thumbnail size-thumbnail\" alt=\"\" \/><\/a>\n<a data-elementor-open-lightbox=\"yes\" data-elementor-lightbox-slideshow=\"7e766d03\" data-e-action-hash=\"#elementor-action%3Aaction%3Dlightbox%26settings%3DeyJpZCI6MTQ0NjEsInVybCI6Imh0dHBzOlwvXC93d3cuYmZrLWFtc3RldHRlbi5hdFwvYmZrZG9cL3dwLWNvbnRlbnRcL3VwbG9hZHNcLzIwMjZcLzA1XC8xLmpwZyIsInNsaWRlc2hvdyI6IjdlNzY2ZDAzIn0%3D\" data-elementor-lightbox-title=\"Screenshot\" href='https:\/\/www.bfk-amstetten.at\/bfkdo\/wp-content\/uploads\/2026\/05\/1.jpg'><img decoding=\"async\" width=\"150\" height=\"150\" src=\"https:\/\/www.bfk-amstetten.at\/bfkdo\/wp-content\/uploads\/2026\/05\/1-150x150.jpg\" class=\"attachment-thumbnail size-thumbnail\" alt=\"\" \/><\/a>\n<a data-elementor-open-lightbox=\"yes\" data-elementor-lightbox-slideshow=\"7e766d03\" data-e-action-hash=\"#elementor-action%3Aaction%3Dlightbox%26settings%3DeyJpZCI6MTQ0NjIsInVybCI6Imh0dHBzOlwvXC93d3cuYmZrLWFtc3RldHRlbi5hdFwvYmZrZG9cL3dwLWNvbnRlbnRcL3VwbG9hZHNcLzIwMjZcLzA1XC8zLmpwZyIsInNsaWRlc2hvdyI6IjdlNzY2ZDAzIn0%3D\" data-elementor-lightbox-title=\"3\" href='https:\/\/www.bfk-amstetten.at\/bfkdo\/wp-content\/uploads\/2026\/05\/3.jpg'><img decoding=\"async\" width=\"150\" height=\"150\" src=\"https:\/\/www.bfk-amstetten.at\/bfkdo\/wp-content\/uploads\/2026\/05\/3-150x150.jpg\" class=\"attachment-thumbnail size-thumbnail\" alt=\"\" \/><\/a>\n<a data-elementor-open-lightbox=\"yes\" data-elementor-lightbox-slideshow=\"7e766d03\" data-e-action-hash=\"#elementor-action%3Aaction%3Dlightbox%26settings%3DeyJpZCI6MTQ0NjMsInVybCI6Imh0dHBzOlwvXC93d3cuYmZrLWFtc3RldHRlbi5hdFwvYmZrZG9cL3dwLWNvbnRlbnRcL3VwbG9hZHNcLzIwMjZcLzA1XC80LmpwZyIsInNsaWRlc2hvdyI6IjdlNzY2ZDAzIn0%3D\" data-elementor-lightbox-title=\"4\" href='https:\/\/www.bfk-amstetten.at\/bfkdo\/wp-content\/uploads\/2026\/05\/4.jpg'><img loading=\"lazy\" decoding=\"async\" width=\"150\" height=\"150\" src=\"https:\/\/www.bfk-amstetten.at\/bfkdo\/wp-content\/uploads\/2026\/05\/4-150x150.jpg\" class=\"attachment-thumbnail size-thumbnail\" alt=\"\" \/><\/a>\n<a data-elementor-open-lightbox=\"yes\" data-elementor-lightbox-slideshow=\"7e766d03\" data-e-action-hash=\"#elementor-action%3Aaction%3Dlightbox%26settings%3DeyJpZCI6MTQ0NjQsInVybCI6Imh0dHBzOlwvXC93d3cuYmZrLWFtc3RldHRlbi5hdFwvYmZrZG9cL3dwLWNvbnRlbnRcL3VwbG9hZHNcLzIwMjZcLzA1XC81LmpwZyIsInNsaWRlc2hvdyI6IjdlNzY2ZDAzIn0%3D\" data-elementor-lightbox-title=\"5\" href='https:\/\/www.bfk-amstetten.at\/bfkdo\/wp-content\/uploads\/2026\/05\/5.jpg'><img loading=\"lazy\" decoding=\"async\" width=\"150\" height=\"150\" src=\"https:\/\/www.bfk-amstetten.at\/bfkdo\/wp-content\/uploads\/2026\/05\/5-150x150.jpg\" class=\"attachment-thumbnail size-thumbnail\" alt=\"\" \/><\/a>\n<a data-elementor-open-lightbox=\"yes\" data-elementor-lightbox-slideshow=\"7e766d03\" data-e-action-hash=\"#elementor-action%3Aaction%3Dlightbox%26settings%3DeyJpZCI6MTQ0NjUsInVybCI6Imh0dHBzOlwvXC93d3cuYmZrLWFtc3RldHRlbi5hdFwvYmZrZG9cL3dwLWNvbnRlbnRcL3VwbG9hZHNcLzIwMjZcLzA1XC82LmpwZyIsInNsaWRlc2hvdyI6IjdlNzY2ZDAzIn0%3D\" data-elementor-lightbox-title=\"6\" href='https:\/\/www.bfk-amstetten.at\/bfkdo\/wp-content\/uploads\/2026\/05\/6.jpg'><img loading=\"lazy\" decoding=\"async\" width=\"150\" height=\"150\" src=\"https:\/\/www.bfk-amstetten.at\/bfkdo\/wp-content\/uploads\/2026\/05\/6-150x150.jpg\" class=\"attachment-thumbnail size-thumbnail\" alt=\"\" \/><\/a>\n\t\t<\/div>\n\t\t\t\t\t\t<\/div>\n\t\t\t\t<\/div>\n\t\t\t\t\t<\/div>\n\t\t<\/div>\n\t\t\t\t\t<\/div>\n\t\t<\/section>\n\t\t\t\t<\/div>\n\t\t","protected":false},"excerpt":{"rendered":"<p>Presseaussendung der Polizei Nieder\u00f6sterreich Zu einem Verkehrsunfall kam es am 30. April 2026, gegen 08:30 Uhr, auf der A 1, Westautobahn, im Gemeindegebiet von Viehdorf. Eine 42-j\u00e4hrige Frau aus dem 19. Wiener Gemeindebezirk lenkte einen Pkw auf der A 1, aus Richtung Wien kommend in Fahrtrichtung Linz, auf dem zweiten Fahrstreifen. Pl\u00f6tzlich habe ein vor [&hellip;]<\/p>\n","protected":false},"author":1,"featured_media":14458,"comment_status":"closed","ping_status":"open","sticky":false,"template":"","format":"standard","meta":{"footnotes":""},"categories":[5],"tags":[],"class_list":["post-14457","post","type-post","status-publish","format-standard","has-post-thumbnail","hentry","category-bericht"],"_links":{"self":[{"href":"https:\/\/www.bfk-amstetten.at\/bfkdo\/wp-json\/wp\/v2\/posts\/14457","targetHints":{"allow":["GET"]}}],"collection":[{"href":"https:\/\/www.bfk-amstetten.at\/bfkdo\/wp-json\/wp\/v2\/posts"}],"about":[{"href":"https:\/\/www.bfk-amstetten.at\/bfkdo\/wp-json\/wp\/v2\/types\/post"}],"author":[{"embeddable":true,"href":"https:\/\/www.bfk-amstetten.at\/bfkdo\/wp-json\/wp\/v2\/users\/1"}],"replies":[{"embeddable":true,"href":"https:\/\/www.bfk-amstetten.at\/bfkdo\/wp-json\/wp\/v2\/comments?post=14457"}],"version-history":[{"count":4,"href":"https:\/\/www.bfk-amstetten.at\/bfkdo\/wp-json\/wp\/v2\/posts\/14457\/revisions"}],"predecessor-version":[{"id":14468,"href":"https:\/\/www.bfk-amstetten.at\/bfkdo\/wp-json\/wp\/v2\/posts\/14457\/revisions\/14468"}],"wp:featuredmedia":[{"embeddable":true,"href":"https:\/\/www.bfk-amstetten.at\/bfkdo\/wp-json\/wp\/v2\/media\/14458"}],"wp:attachment":[{"href":"https:\/\/www.bfk-amstetten.at\/bfkdo\/wp-json\/wp\/v2\/media?parent=14457"}],"wp:term":[{"taxonomy":"category","embeddable":true,"href":"https:\/\/www.bfk-amstetten.at\/bfkdo\/wp-json\/wp\/v2\/categories?post=14457"},{"taxonomy":"post_tag","embeddable":true,"href":"https:\/\/www.bfk-amstetten.at\/bfkdo\/wp-json\/wp\/v2\/tags?post=14457"}],"curies":[{"name":"wp","href":"https:\/\/api.w.org\/{rel}","templated":true}]}}