{"id":14445,"date":"2026-04-29T20:44:18","date_gmt":"2026-04-29T18:44:18","guid":{"rendered":"https:\/\/www.bfk-amstetten.at\/bfkdo\/?p=14445"},"modified":"2026-04-29T20:48:02","modified_gmt":"2026-04-29T18:48:02","slug":"ein-meilenstein-fuer-die-sicherheit-im-bezirk-amstetten-uebergabe-der-waldbrandkarte","status":"publish","type":"post","link":"https:\/\/www.bfk-amstetten.at\/bfkdo\/ein-meilenstein-fuer-die-sicherheit-im-bezirk-amstetten-uebergabe-der-waldbrandkarte\/","title":{"rendered":"Ein Meilenstein f\u00fcr die Sicherheit im Bezirk Amstetten: \u00dcBERGABE DER WALDBRANDKARTE"},"content":{"rendered":"\t\t<div data-elementor-type=\"wp-post\" data-elementor-id=\"14445\" class=\"elementor elementor-14445\">\n\t\t\t\t\t\t<section class=\"elementor-section elementor-top-section elementor-element elementor-element-42cd8867 elementor-section-boxed elementor-section-height-default elementor-section-height-default\" data-id=\"42cd8867\" data-element_type=\"section\" data-e-type=\"section\">\n\t\t\t\t\t\t<div class=\"elementor-container elementor-column-gap-default\">\n\t\t\t\t\t<div class=\"elementor-column elementor-col-50 elementor-top-column elementor-element elementor-element-5ba496e0\" data-id=\"5ba496e0\" data-element_type=\"column\" data-e-type=\"column\">\n\t\t\t<div class=\"elementor-widget-wrap elementor-element-populated\">\n\t\t\t\t\t\t<div class=\"elementor-element elementor-element-424075b9 elementor-invisible elementor-widget elementor-widget-image\" data-id=\"424075b9\" data-element_type=\"widget\" data-e-type=\"widget\" data-settings=\"{&quot;_animation&quot;:&quot;fadeInLeft&quot;}\" data-widget_type=\"image.default\">\n\t\t\t\t<div class=\"elementor-widget-container\">\n\t\t\t\t\t\t\t\t\t\t\t\t\t\t\t<img fetchpriority=\"high\" decoding=\"async\" width=\"800\" height=\"538\" src=\"https:\/\/www.bfk-amstetten.at\/bfkdo\/wp-content\/uploads\/2026\/04\/Uebergabe-Waldfachplan-28.04.2026-1024x688.jpg\" class=\"attachment-large size-large wp-image-14446\" alt=\"\" srcset=\"https:\/\/www.bfk-amstetten.at\/bfkdo\/wp-content\/uploads\/2026\/04\/Uebergabe-Waldfachplan-28.04.2026-1024x688.jpg 1024w, https:\/\/www.bfk-amstetten.at\/bfkdo\/wp-content\/uploads\/2026\/04\/Uebergabe-Waldfachplan-28.04.2026-300x201.jpg 300w, https:\/\/www.bfk-amstetten.at\/bfkdo\/wp-content\/uploads\/2026\/04\/Uebergabe-Waldfachplan-28.04.2026-768x516.jpg 768w, https:\/\/www.bfk-amstetten.at\/bfkdo\/wp-content\/uploads\/2026\/04\/Uebergabe-Waldfachplan-28.04.2026-1536x1031.jpg 1536w, https:\/\/www.bfk-amstetten.at\/bfkdo\/wp-content\/uploads\/2026\/04\/Uebergabe-Waldfachplan-28.04.2026-2048x1375.jpg 2048w\" sizes=\"(max-width: 800px) 100vw, 800px\" \/>\t\t\t\t\t\t\t\t\t\t\t\t\t\t\t<\/div>\n\t\t\t\t<\/div>\n\t\t\t\t\t<\/div>\n\t\t<\/div>\n\t\t\t\t<div class=\"elementor-column elementor-col-50 elementor-top-column elementor-element elementor-element-2e3c0ebf\" data-id=\"2e3c0ebf\" data-element_type=\"column\" data-e-type=\"column\">\n\t\t\t<div class=\"elementor-widget-wrap elementor-element-populated\">\n\t\t\t\t\t\t<div class=\"elementor-element elementor-element-727acd83 elementor-widget elementor-widget-text-editor\" data-id=\"727acd83\" data-element_type=\"widget\" data-e-type=\"widget\" data-widget_type=\"text-editor.default\">\n\t\t\t\t<div class=\"elementor-widget-container\">\n\t\t\t\t\t\t\t\t\t<p>Am 28. April erfolgte auf der Bezirkshauptmannschaft Amstetten die \u00dcbergabe der Waldfachpl\u00e4ne f\u00fcr die Einsatzorganisationen des Bezirkes Amstetten. Diese Pl\u00e4ne umfassen wichtige Informationen \u00fcber die Beschaffenheit von Wegen, Umkehrpl\u00e4tzen, Absperrungen, Engstellen, Gewichtsbeschr\u00e4nkungen, Wasserentnahmestellen und Hubschrauberlandepl\u00e4tzen. Neben Waldbr\u00e4nden und Forstunf\u00e4llen werden diese Karten auch f\u00fcr die Rettung bei Freizeitunf\u00e4llen ben\u00f6tigt. Seitens der Feuerwehren wurden die umfangreichen Daten im Vorjahr erfasst und digital eingegeben.<\/p><p>Die gesammelten Details wurden vom Forsttechnischen B\u00fcro Mayerhofer zu einer Gesamteinsatzkarte zusammengef\u00fcgt und sind nun sowohl analog als auch digital verf\u00fcgbar. Der Gemeindedienstleistungsverband Amstetten agierte als Projekttr\u00e4ger und F\u00f6rderwerber.<\/p><p>Die offizielle \u00dcbergabe erfolgte durch Bezirkshauptfrau Mag. Martina Gerersdorfer gemeinsam mit dem Bezirksfeuerwehrkommando. Projektleiter Stefan Mayerhofer pr\u00e4sentierte das Projekt und gab dabei auch wertvolle Hintergrundinformationen.<\/p><p>Die Karte wird aber noch weitere Aufgaben erf\u00fcllen: Sie wird u. a. bei der Suche nach vermissten Personen, bei Forstarbeitsunf\u00e4llen oder bei der Hilfe f\u00fcr feststeckende Fahrzeuge in schwierigem Gel\u00e4nde von gro\u00dfem Wert sein, informiert das Bezirksfeuerwehrkommando Amstetten.\u00a0<\/p>\t\t\t\t\t\t\t\t<\/div>\n\t\t\t\t<\/div>\n\t\t\t\t\t<\/div>\n\t\t<\/div>\n\t\t\t\t\t<\/div>\n\t\t<\/section>\n\t\t\t\t<\/div>\n\t\t","protected":false},"excerpt":{"rendered":"<p>Am 28. April erfolgte auf der Bezirkshauptmannschaft Amstetten die \u00dcbergabe der Waldfachpl\u00e4ne f\u00fcr die Einsatzorganisationen des Bezirkes Amstetten. Diese Pl\u00e4ne umfassen wichtige Informationen \u00fcber die Beschaffenheit von Wegen, Umkehrpl\u00e4tzen, Absperrungen, Engstellen, Gewichtsbeschr\u00e4nkungen, Wasserentnahmestellen und Hubschrauberlandepl\u00e4tzen. Neben Waldbr\u00e4nden und Forstunf\u00e4llen werden diese Karten auch f\u00fcr die Rettung bei Freizeitunf\u00e4llen ben\u00f6tigt. Seitens der Feuerwehren wurden die umfangreichen [&hellip;]<\/p>\n","protected":false},"author":1,"featured_media":14446,"comment_status":"closed","ping_status":"open","sticky":false,"template":"","format":"standard","meta":{"footnotes":""},"categories":[5],"tags":[],"class_list":["post-14445","post","type-post","status-publish","format-standard","has-post-thumbnail","hentry","category-bericht"],"_links":{"self":[{"href":"https:\/\/www.bfk-amstetten.at\/bfkdo\/wp-json\/wp\/v2\/posts\/14445","targetHints":{"allow":["GET"]}}],"collection":[{"href":"https:\/\/www.bfk-amstetten.at\/bfkdo\/wp-json\/wp\/v2\/posts"}],"about":[{"href":"https:\/\/www.bfk-amstetten.at\/bfkdo\/wp-json\/wp\/v2\/types\/post"}],"author":[{"embeddable":true,"href":"https:\/\/www.bfk-amstetten.at\/bfkdo\/wp-json\/wp\/v2\/users\/1"}],"replies":[{"embeddable":true,"href":"https:\/\/www.bfk-amstetten.at\/bfkdo\/wp-json\/wp\/v2\/comments?post=14445"}],"version-history":[{"count":4,"href":"https:\/\/www.bfk-amstetten.at\/bfkdo\/wp-json\/wp\/v2\/posts\/14445\/revisions"}],"predecessor-version":[{"id":14450,"href":"https:\/\/www.bfk-amstetten.at\/bfkdo\/wp-json\/wp\/v2\/posts\/14445\/revisions\/14450"}],"wp:featuredmedia":[{"embeddable":true,"href":"https:\/\/www.bfk-amstetten.at\/bfkdo\/wp-json\/wp\/v2\/media\/14446"}],"wp:attachment":[{"href":"https:\/\/www.bfk-amstetten.at\/bfkdo\/wp-json\/wp\/v2\/media?parent=14445"}],"wp:term":[{"taxonomy":"category","embeddable":true,"href":"https:\/\/www.bfk-amstetten.at\/bfkdo\/wp-json\/wp\/v2\/categories?post=14445"},{"taxonomy":"post_tag","embeddable":true,"href":"https:\/\/www.bfk-amstetten.at\/bfkdo\/wp-json\/wp\/v2\/tags?post=14445"}],"curies":[{"name":"wp","href":"https:\/\/api.w.org\/{rel}","templated":true}]}}