{"id":14401,"date":"2026-04-28T13:09:44","date_gmt":"2026-04-28T11:09:44","guid":{"rendered":"https:\/\/www.bfk-amstetten.at\/bfkdo\/?p=14401"},"modified":"2026-04-28T13:25:51","modified_gmt":"2026-04-28T11:25:51","slug":"waldbrandverordnung-in-kraft-getreten-gefahr-durch-offenes-feuer-2","status":"publish","type":"post","link":"https:\/\/www.bfk-amstetten.at\/bfkdo\/waldbrandverordnung-in-kraft-getreten-gefahr-durch-offenes-feuer-2\/","title":{"rendered":"Waldbrandverordnung in Kraft getreten: Gefahr durch offenes Feuer!"},"content":{"rendered":"\t\t<div data-elementor-type=\"wp-post\" data-elementor-id=\"14401\" class=\"elementor elementor-14401\">\n\t\t\t\t\t\t<section class=\"elementor-section elementor-top-section elementor-element elementor-element-75b2aa78 elementor-section-boxed elementor-section-height-default elementor-section-height-default\" data-id=\"75b2aa78\" data-element_type=\"section\" data-e-type=\"section\">\n\t\t\t\t\t\t<div class=\"elementor-container elementor-column-gap-default\">\n\t\t\t\t\t<div class=\"elementor-column elementor-col-50 elementor-top-column elementor-element elementor-element-75ababdf\" data-id=\"75ababdf\" data-element_type=\"column\" data-e-type=\"column\">\n\t\t\t<div class=\"elementor-widget-wrap elementor-element-populated\">\n\t\t\t\t\t\t<div class=\"elementor-element elementor-element-cb21c3e elementor-invisible elementor-widget elementor-widget-image\" data-id=\"cb21c3e\" data-element_type=\"widget\" data-e-type=\"widget\" data-settings=\"{&quot;_animation&quot;:&quot;fadeInLeft&quot;}\" data-widget_type=\"image.default\">\n\t\t\t\t<div class=\"elementor-widget-container\">\n\t\t\t\t\t\t\t\t\t\t\t\t\t\t\t<img fetchpriority=\"high\" decoding=\"async\" width=\"768\" height=\"500\" src=\"https:\/\/www.bfk-amstetten.at\/bfkdo\/wp-content\/uploads\/2026\/04\/waldbrandverordnung-768x500-1.jpg\" class=\"attachment-large size-large wp-image-14402\" alt=\"\" srcset=\"https:\/\/www.bfk-amstetten.at\/bfkdo\/wp-content\/uploads\/2026\/04\/waldbrandverordnung-768x500-1.jpg 768w, https:\/\/www.bfk-amstetten.at\/bfkdo\/wp-content\/uploads\/2026\/04\/waldbrandverordnung-768x500-1-300x195.jpg 300w\" sizes=\"(max-width: 768px) 100vw, 768px\" \/>\t\t\t\t\t\t\t\t\t\t\t\t\t\t\t<\/div>\n\t\t\t\t<\/div>\n\t\t\t\t\t<\/div>\n\t\t<\/div>\n\t\t\t\t<div class=\"elementor-column elementor-col-50 elementor-top-column elementor-element elementor-element-2db35377\" data-id=\"2db35377\" data-element_type=\"column\" data-e-type=\"column\">\n\t\t\t<div class=\"elementor-widget-wrap elementor-element-populated\">\n\t\t\t\t\t\t<div class=\"elementor-element elementor-element-29fbb630 elementor-widget elementor-widget-text-editor\" data-id=\"29fbb630\" data-element_type=\"widget\" data-e-type=\"widget\" data-widget_type=\"text-editor.default\">\n\t\t\t\t<div class=\"elementor-widget-container\">\n\t\t\t\t\t\t\t\t\t<p>Aufgrund der momentan anhaltenden Trockenheit ist die Waldbrandgefahr-Verordnung 2026 in Kraft getreten, teilten die Bezirkshauptmannschaft Amstetten und das Bezirksfeuerwehrkommando mit. \u201eJegliches Entz\u00fcnden von Feuer und Rauchen sind im Gef\u00e4hrdungsbereich und im Waldgebiet verboten\u201c, so das Bezirksfeuerwehrkommando. Dieses bittet die Bev\u00f6lkerung im Bezirk Amstetten\/Ybbstal\/Raum St. Valentin, achtsam zu sein.<\/p>\n<p>Hinweis: Der Gef\u00e4hrdungsbereich ist \u00fcberall dort gegeben, wo die Bodendecke oder die Windverh\u00e4ltnisse das \u00dcbergreifen eines Bodenfeuers oder das \u00dcbergreifen eines Feuers durch Funkenflug in den benachbarten Wald beg\u00fcnstigen.<\/p>\n<p>Unsere Vorsicht sch\u00fctzt unsere Natur!<\/p>\n<p>Das hei\u00dft u.a. f\u00fcr den Wald:<br>&#8211; Kein offenes Feuer<br>&#8211; Kein Rauchen im Wald<br>&#8211;&nbsp; Kein Grillen im Freien<br>&#8211; Keine Z\u00fcndquellen<\/p>\t\t\t\t\t\t\t\t<\/div>\n\t\t\t\t<\/div>\n\t\t\t\t\t<\/div>\n\t\t<\/div>\n\t\t\t\t\t<\/div>\n\t\t<\/section>\n\t\t\t\t<\/div>\n\t\t","protected":false},"excerpt":{"rendered":"<p>Aufgrund der momentan anhaltenden Trockenheit ist die Waldbrandgefahr-Verordnung 2026 in Kraft getreten, teilten die Bezirkshauptmannschaft Amstetten und das Bezirksfeuerwehrkommando mit. \u201eJegliches Entz\u00fcnden von Feuer und Rauchen sind im Gef\u00e4hrdungsbereich und im Waldgebiet verboten\u201c, so das Bezirksfeuerwehrkommando. Dieses bittet die Bev\u00f6lkerung im Bezirk Amstetten\/Ybbstal\/Raum St. Valentin, achtsam zu sein. Hinweis: Der Gef\u00e4hrdungsbereich ist \u00fcberall dort gegeben, [&hellip;]<\/p>\n","protected":false},"author":1,"featured_media":14402,"comment_status":"closed","ping_status":"open","sticky":false,"template":"","format":"standard","meta":{"footnotes":""},"categories":[5],"tags":[],"class_list":["post-14401","post","type-post","status-publish","format-standard","has-post-thumbnail","hentry","category-bericht"],"_links":{"self":[{"href":"https:\/\/www.bfk-amstetten.at\/bfkdo\/wp-json\/wp\/v2\/posts\/14401","targetHints":{"allow":["GET"]}}],"collection":[{"href":"https:\/\/www.bfk-amstetten.at\/bfkdo\/wp-json\/wp\/v2\/posts"}],"about":[{"href":"https:\/\/www.bfk-amstetten.at\/bfkdo\/wp-json\/wp\/v2\/types\/post"}],"author":[{"embeddable":true,"href":"https:\/\/www.bfk-amstetten.at\/bfkdo\/wp-json\/wp\/v2\/users\/1"}],"replies":[{"embeddable":true,"href":"https:\/\/www.bfk-amstetten.at\/bfkdo\/wp-json\/wp\/v2\/comments?post=14401"}],"version-history":[{"count":10,"href":"https:\/\/www.bfk-amstetten.at\/bfkdo\/wp-json\/wp\/v2\/posts\/14401\/revisions"}],"predecessor-version":[{"id":14412,"href":"https:\/\/www.bfk-amstetten.at\/bfkdo\/wp-json\/wp\/v2\/posts\/14401\/revisions\/14412"}],"wp:featuredmedia":[{"embeddable":true,"href":"https:\/\/www.bfk-amstetten.at\/bfkdo\/wp-json\/wp\/v2\/media\/14402"}],"wp:attachment":[{"href":"https:\/\/www.bfk-amstetten.at\/bfkdo\/wp-json\/wp\/v2\/media?parent=14401"}],"wp:term":[{"taxonomy":"category","embeddable":true,"href":"https:\/\/www.bfk-amstetten.at\/bfkdo\/wp-json\/wp\/v2\/categories?post=14401"},{"taxonomy":"post_tag","embeddable":true,"href":"https:\/\/www.bfk-amstetten.at\/bfkdo\/wp-json\/wp\/v2\/tags?post=14401"}],"curies":[{"name":"wp","href":"https:\/\/api.w.org\/{rel}","templated":true}]}}