{"id":14371,"date":"2026-04-26T07:17:10","date_gmt":"2026-04-26T05:17:10","guid":{"rendered":"https:\/\/www.bfk-amstetten.at\/bfkdo\/?p=14371"},"modified":"2026-04-26T07:46:37","modified_gmt":"2026-04-26T05:46:37","slug":"waidhofen-ybbs-wirts-viele-gesegnete-floriani-statuen-moegen-viel-schutz-bringen","status":"publish","type":"post","link":"https:\/\/www.bfk-amstetten.at\/bfkdo\/waidhofen-ybbs-wirts-viele-gesegnete-floriani-statuen-moegen-viel-schutz-bringen\/","title":{"rendered":"Waidhofen\/Ybbs-Wirts: Viele gesegnete Floriani-Statuen m\u00f6gen viel Schutz bringen"},"content":{"rendered":"\t\t<div data-elementor-type=\"wp-post\" data-elementor-id=\"14371\" class=\"elementor elementor-14371\">\n\t\t\t\t\t\t<section class=\"elementor-section elementor-top-section elementor-element elementor-element-5453b538 elementor-section-boxed elementor-section-height-default elementor-section-height-default\" data-id=\"5453b538\" data-element_type=\"section\" data-e-type=\"section\">\n\t\t\t\t\t\t<div class=\"elementor-container elementor-column-gap-default\">\n\t\t\t\t\t<div class=\"elementor-column elementor-col-100 elementor-top-column elementor-element elementor-element-18aa51e6\" data-id=\"18aa51e6\" data-element_type=\"column\" data-e-type=\"column\">\n\t\t\t<div class=\"elementor-widget-wrap elementor-element-populated\">\n\t\t\t\t\t\t<div class=\"elementor-element elementor-element-43aa78bf elementor-widget elementor-widget-text-editor\" data-id=\"43aa78bf\" data-element_type=\"widget\" data-e-type=\"widget\" data-widget_type=\"text-editor.default\">\n\t\t\t\t<div class=\"elementor-widget-container\">\n\t\t\t\t\t\t\t\t\t<p>Bei der Freiwilligen Feuerwehr Waidhofen\/Ybbs-Wirts stand alles im Zeichen des heiligen Florian. Der junge Kaplan Luca Fian wurde gebeten, die Florianistatuen zu segnen, die im Laufe der letzten Jahre als Dankesch\u00f6n oder zu Jubil\u00e4en an Kameraden und Kameradinnen verschenkt wurden. Ein sch\u00f6nes Zeichen ist es etwa, dass die FF Waidhofen\/Ybbs-Wirts jenen Mitgliedern eine Floriani-Statue schenkt, die ihren 50. Geburtstag begehen. Wer wollte, konnte bei einer Feier &#8222;seinen&#8220; Florian zur Segnung mitbringen. Auch Vertreter des Kameradschaftsbundes Waidhofen\/Ybbs &#8211; darunter Obmann Hans D\u00f6tzl &#8211; nahmen teil.<\/p>\n<p>Ebenso war schon die gro\u00dfe und sehr sch\u00f6ne Florianistatue f\u00fcr das neue Feuerwehrhaus Wirts unter den Segensgegenst\u00e4nden dabei, berichtet Kommandant G\u00fcnther Weiss. Dieses neue Feuerwehrhaus wird am Sonntag, 21. Juni feierlich er\u00f6ffnet. Um 10 Uhr wird dort die Festmesse mit Segnung des neuen Standortes stattfinden!<\/p>\n<p>Jutta Schippany (Jutta&#8217;s Einkehrst\u00fcberl) hat die gro\u00dfe Florian-Statue gespendet. Es zeigt ihre gro\u00dfe Wertsch\u00e4tzung gegen\u00fcber der FF Waidhofen\/Ybbs-Wirts, so Kommandant Weiss. Jutta Schippany ist auch Fahrzeug-Goalie.<\/p>\t\t\t\t\t\t\t\t<\/div>\n\t\t\t\t<\/div>\n\t\t\t\t\t<\/div>\n\t\t<\/div>\n\t\t\t\t\t<\/div>\n\t\t<\/section>\n\t\t\t\t<section class=\"elementor-section elementor-top-section elementor-element elementor-element-422788ac elementor-section-boxed elementor-section-height-default elementor-section-height-default\" data-id=\"422788ac\" data-element_type=\"section\" data-e-type=\"section\">\n\t\t\t\t\t\t<div class=\"elementor-container elementor-column-gap-default\">\n\t\t\t\t\t<div class=\"elementor-column elementor-col-100 elementor-top-column elementor-element elementor-element-38898ba9\" data-id=\"38898ba9\" data-element_type=\"column\" data-e-type=\"column\">\n\t\t\t<div class=\"elementor-widget-wrap elementor-element-populated\">\n\t\t\t\t\t\t<div class=\"elementor-element elementor-element-43a9b2f4 gallery-spacing-custom animated-slow elementor-invisible elementor-widget elementor-widget-image-gallery\" data-id=\"43a9b2f4\" data-element_type=\"widget\" data-e-type=\"widget\" data-settings=\"{&quot;_animation&quot;:&quot;fadeIn&quot;}\" data-widget_type=\"image-gallery.default\">\n\t\t\t\t<div class=\"elementor-widget-container\">\n\t\t\t\t\t\t\t<div class=\"elementor-image-gallery\">\n\t\t\t\n<a data-elementor-open-lightbox=\"yes\" data-elementor-lightbox-slideshow=\"43a9b2f4\" data-elementor-lightbox-title=\"Floriansegnung (1)\" data-e-action-hash=\"#elementor-action%3Aaction%3Dlightbox%26settings%3DeyJpZCI6MTQzNzQsInVybCI6Imh0dHBzOlwvXC93d3cuYmZrLWFtc3RldHRlbi5hdFwvYmZrZG9cL3dwLWNvbnRlbnRcL3VwbG9hZHNcLzIwMjZcLzA0XC9GbG9yaWFuc2VnbnVuZy0xLmpwZWciLCJzbGlkZXNob3ciOiI0M2E5YjJmNCJ9\" href='https:\/\/www.bfk-amstetten.at\/bfkdo\/wp-content\/uploads\/2026\/04\/Floriansegnung-1.jpeg'><img decoding=\"async\" width=\"150\" height=\"150\" src=\"https:\/\/www.bfk-amstetten.at\/bfkdo\/wp-content\/uploads\/2026\/04\/Floriansegnung-1-150x150.jpeg\" class=\"attachment-thumbnail size-thumbnail\" alt=\"\" \/><\/a>\n<a data-elementor-open-lightbox=\"yes\" data-elementor-lightbox-slideshow=\"43a9b2f4\" data-elementor-lightbox-title=\"Floriansegnung (2)\" data-e-action-hash=\"#elementor-action%3Aaction%3Dlightbox%26settings%3DeyJpZCI6MTQzNzUsInVybCI6Imh0dHBzOlwvXC93d3cuYmZrLWFtc3RldHRlbi5hdFwvYmZrZG9cL3dwLWNvbnRlbnRcL3VwbG9hZHNcLzIwMjZcLzA0XC9GbG9yaWFuc2VnbnVuZy0yLmpwZWciLCJzbGlkZXNob3ciOiI0M2E5YjJmNCJ9\" href='https:\/\/www.bfk-amstetten.at\/bfkdo\/wp-content\/uploads\/2026\/04\/Floriansegnung-2.jpeg'><img decoding=\"async\" width=\"150\" height=\"150\" src=\"https:\/\/www.bfk-amstetten.at\/bfkdo\/wp-content\/uploads\/2026\/04\/Floriansegnung-2-150x150.jpeg\" class=\"attachment-thumbnail size-thumbnail\" alt=\"\" \/><\/a>\n<a data-elementor-open-lightbox=\"yes\" data-elementor-lightbox-slideshow=\"43a9b2f4\" data-elementor-lightbox-title=\"Floriansegnung (3)\" data-e-action-hash=\"#elementor-action%3Aaction%3Dlightbox%26settings%3DeyJpZCI6MTQzNzYsInVybCI6Imh0dHBzOlwvXC93d3cuYmZrLWFtc3RldHRlbi5hdFwvYmZrZG9cL3dwLWNvbnRlbnRcL3VwbG9hZHNcLzIwMjZcLzA0XC9GbG9yaWFuc2VnbnVuZy0zLmpwZWciLCJzbGlkZXNob3ciOiI0M2E5YjJmNCJ9\" href='https:\/\/www.bfk-amstetten.at\/bfkdo\/wp-content\/uploads\/2026\/04\/Floriansegnung-3.jpeg'><img decoding=\"async\" width=\"150\" height=\"150\" src=\"https:\/\/www.bfk-amstetten.at\/bfkdo\/wp-content\/uploads\/2026\/04\/Floriansegnung-3-150x150.jpeg\" class=\"attachment-thumbnail size-thumbnail\" alt=\"\" \/><\/a>\n<a data-elementor-open-lightbox=\"yes\" data-elementor-lightbox-slideshow=\"43a9b2f4\" data-elementor-lightbox-title=\"Floriansegnung (4)\" data-e-action-hash=\"#elementor-action%3Aaction%3Dlightbox%26settings%3DeyJpZCI6MTQzNzcsInVybCI6Imh0dHBzOlwvXC93d3cuYmZrLWFtc3RldHRlbi5hdFwvYmZrZG9cL3dwLWNvbnRlbnRcL3VwbG9hZHNcLzIwMjZcLzA0XC9GbG9yaWFuc2VnbnVuZy00LmpwZWciLCJzbGlkZXNob3ciOiI0M2E5YjJmNCJ9\" href='https:\/\/www.bfk-amstetten.at\/bfkdo\/wp-content\/uploads\/2026\/04\/Floriansegnung-4.jpeg'><img loading=\"lazy\" decoding=\"async\" width=\"150\" height=\"150\" src=\"https:\/\/www.bfk-amstetten.at\/bfkdo\/wp-content\/uploads\/2026\/04\/Floriansegnung-4-150x150.jpeg\" class=\"attachment-thumbnail size-thumbnail\" alt=\"\" \/><\/a>\n<a data-elementor-open-lightbox=\"yes\" data-elementor-lightbox-slideshow=\"43a9b2f4\" data-elementor-lightbox-title=\"Floriansegnung (5)\" data-e-action-hash=\"#elementor-action%3Aaction%3Dlightbox%26settings%3DeyJpZCI6MTQzNzgsInVybCI6Imh0dHBzOlwvXC93d3cuYmZrLWFtc3RldHRlbi5hdFwvYmZrZG9cL3dwLWNvbnRlbnRcL3VwbG9hZHNcLzIwMjZcLzA0XC9GbG9yaWFuc2VnbnVuZy01LTEuanBlZyIsInNsaWRlc2hvdyI6IjQzYTliMmY0In0%3D\" href='https:\/\/www.bfk-amstetten.at\/bfkdo\/wp-content\/uploads\/2026\/04\/Floriansegnung-5-1.jpeg'><img loading=\"lazy\" decoding=\"async\" width=\"150\" height=\"150\" src=\"https:\/\/www.bfk-amstetten.at\/bfkdo\/wp-content\/uploads\/2026\/04\/Floriansegnung-5-1-150x150.jpeg\" class=\"attachment-thumbnail size-thumbnail\" alt=\"\" \/><\/a>\n<a data-elementor-open-lightbox=\"yes\" data-elementor-lightbox-slideshow=\"43a9b2f4\" data-elementor-lightbox-title=\"Floriansegnung (6)\" data-e-action-hash=\"#elementor-action%3Aaction%3Dlightbox%26settings%3DeyJpZCI6MTQzNzksInVybCI6Imh0dHBzOlwvXC93d3cuYmZrLWFtc3RldHRlbi5hdFwvYmZrZG9cL3dwLWNvbnRlbnRcL3VwbG9hZHNcLzIwMjZcLzA0XC9GbG9yaWFuc2VnbnVuZy02LmpwZWciLCJzbGlkZXNob3ciOiI0M2E5YjJmNCJ9\" href='https:\/\/www.bfk-amstetten.at\/bfkdo\/wp-content\/uploads\/2026\/04\/Floriansegnung-6.jpeg'><img loading=\"lazy\" decoding=\"async\" width=\"150\" height=\"150\" src=\"https:\/\/www.bfk-amstetten.at\/bfkdo\/wp-content\/uploads\/2026\/04\/Floriansegnung-6-150x150.jpeg\" class=\"attachment-thumbnail size-thumbnail\" alt=\"\" \/><\/a>\n<a data-elementor-open-lightbox=\"yes\" data-elementor-lightbox-slideshow=\"43a9b2f4\" data-elementor-lightbox-title=\"Floriansegnung (7)\" data-e-action-hash=\"#elementor-action%3Aaction%3Dlightbox%26settings%3DeyJpZCI6MTQzODAsInVybCI6Imh0dHBzOlwvXC93d3cuYmZrLWFtc3RldHRlbi5hdFwvYmZrZG9cL3dwLWNvbnRlbnRcL3VwbG9hZHNcLzIwMjZcLzA0XC9GbG9yaWFuc2VnbnVuZy03LmpwZWciLCJzbGlkZXNob3ciOiI0M2E5YjJmNCJ9\" href='https:\/\/www.bfk-amstetten.at\/bfkdo\/wp-content\/uploads\/2026\/04\/Floriansegnung-7.jpeg'><img loading=\"lazy\" decoding=\"async\" width=\"150\" height=\"150\" src=\"https:\/\/www.bfk-amstetten.at\/bfkdo\/wp-content\/uploads\/2026\/04\/Floriansegnung-7-150x150.jpeg\" class=\"attachment-thumbnail size-thumbnail\" alt=\"\" \/><\/a>\n<a data-elementor-open-lightbox=\"yes\" data-elementor-lightbox-slideshow=\"43a9b2f4\" data-elementor-lightbox-title=\"Floriansegnung (8)\" data-e-action-hash=\"#elementor-action%3Aaction%3Dlightbox%26settings%3DeyJpZCI6MTQzODEsInVybCI6Imh0dHBzOlwvXC93d3cuYmZrLWFtc3RldHRlbi5hdFwvYmZrZG9cL3dwLWNvbnRlbnRcL3VwbG9hZHNcLzIwMjZcLzA0XC9GbG9yaWFuc2VnbnVuZy04LmpwZWciLCJzbGlkZXNob3ciOiI0M2E5YjJmNCJ9\" href='https:\/\/www.bfk-amstetten.at\/bfkdo\/wp-content\/uploads\/2026\/04\/Floriansegnung-8.jpeg'><img loading=\"lazy\" decoding=\"async\" width=\"150\" height=\"150\" src=\"https:\/\/www.bfk-amstetten.at\/bfkdo\/wp-content\/uploads\/2026\/04\/Floriansegnung-8-150x150.jpeg\" class=\"attachment-thumbnail size-thumbnail\" alt=\"\" \/><\/a>\n\t\t<\/div>\n\t\t\t\t\t\t<\/div>\n\t\t\t\t<\/div>\n\t\t\t\t\t<\/div>\n\t\t<\/div>\n\t\t\t\t\t<\/div>\n\t\t<\/section>\n\t\t\t\t<\/div>\n\t\t","protected":false},"excerpt":{"rendered":"<p>Bei der Freiwilligen Feuerwehr Waidhofen\/Ybbs-Wirts stand alles im Zeichen des heiligen Florian. Der junge Kaplan Luca Fian wurde gebeten, die Florianistatuen zu segnen, die im Laufe der letzten Jahre als Dankesch\u00f6n oder zu Jubil\u00e4en an Kameraden und Kameradinnen verschenkt wurden. Ein sch\u00f6nes Zeichen ist es etwa, dass die FF Waidhofen\/Ybbs-Wirts jenen Mitgliedern eine Floriani-Statue schenkt, [&hellip;]<\/p>\n","protected":false},"author":1,"featured_media":14372,"comment_status":"closed","ping_status":"open","sticky":false,"template":"","format":"standard","meta":{"footnotes":""},"categories":[1,5],"tags":[],"class_list":["post-14371","post","type-post","status-publish","format-standard","has-post-thumbnail","hentry","category-allgemein","category-bericht"],"_links":{"self":[{"href":"https:\/\/www.bfk-amstetten.at\/bfkdo\/wp-json\/wp\/v2\/posts\/14371","targetHints":{"allow":["GET"]}}],"collection":[{"href":"https:\/\/www.bfk-amstetten.at\/bfkdo\/wp-json\/wp\/v2\/posts"}],"about":[{"href":"https:\/\/www.bfk-amstetten.at\/bfkdo\/wp-json\/wp\/v2\/types\/post"}],"author":[{"embeddable":true,"href":"https:\/\/www.bfk-amstetten.at\/bfkdo\/wp-json\/wp\/v2\/users\/1"}],"replies":[{"embeddable":true,"href":"https:\/\/www.bfk-amstetten.at\/bfkdo\/wp-json\/wp\/v2\/comments?post=14371"}],"version-history":[{"count":11,"href":"https:\/\/www.bfk-amstetten.at\/bfkdo\/wp-json\/wp\/v2\/posts\/14371\/revisions"}],"predecessor-version":[{"id":14400,"href":"https:\/\/www.bfk-amstetten.at\/bfkdo\/wp-json\/wp\/v2\/posts\/14371\/revisions\/14400"}],"wp:featuredmedia":[{"embeddable":true,"href":"https:\/\/www.bfk-amstetten.at\/bfkdo\/wp-json\/wp\/v2\/media\/14372"}],"wp:attachment":[{"href":"https:\/\/www.bfk-amstetten.at\/bfkdo\/wp-json\/wp\/v2\/media?parent=14371"}],"wp:term":[{"taxonomy":"category","embeddable":true,"href":"https:\/\/www.bfk-amstetten.at\/bfkdo\/wp-json\/wp\/v2\/categories?post=14371"},{"taxonomy":"post_tag","embeddable":true,"href":"https:\/\/www.bfk-amstetten.at\/bfkdo\/wp-json\/wp\/v2\/tags?post=14371"}],"curies":[{"name":"wp","href":"https:\/\/api.w.org\/{rel}","templated":true}]}}