{"id":14358,"date":"2026-04-25T16:21:55","date_gmt":"2026-04-25T14:21:55","guid":{"rendered":"https:\/\/www.bfk-amstetten.at\/bfkdo\/?p=14358"},"modified":"2026-04-26T06:43:02","modified_gmt":"2026-04-26T04:43:02","slug":"chlorgasunfall-im-st-valentiner-freibad-beuebt","status":"publish","type":"post","link":"https:\/\/www.bfk-amstetten.at\/bfkdo\/chlorgasunfall-im-st-valentiner-freibad-beuebt\/","title":{"rendered":"Chlorgasunfall im St. Valentiner Freibad be\u00fcbt"},"content":{"rendered":"\t\t<div data-elementor-type=\"wp-post\" data-elementor-id=\"14358\" class=\"elementor elementor-14358\">\n\t\t\t\t\t\t<section class=\"elementor-section elementor-top-section elementor-element elementor-element-28f9b769 elementor-section-boxed elementor-section-height-default elementor-section-height-default\" data-id=\"28f9b769\" data-element_type=\"section\" data-e-type=\"section\">\n\t\t\t\t\t\t<div class=\"elementor-container elementor-column-gap-default\">\n\t\t\t\t\t<div class=\"elementor-column elementor-col-100 elementor-top-column elementor-element elementor-element-2c96d9eb\" data-id=\"2c96d9eb\" data-element_type=\"column\" data-e-type=\"column\">\n\t\t\t<div class=\"elementor-widget-wrap elementor-element-populated\">\n\t\t\t\t\t\t<div class=\"elementor-element elementor-element-6866b865 elementor-widget elementor-widget-text-editor\" data-id=\"6866b865\" data-element_type=\"widget\" data-e-type=\"widget\" data-widget_type=\"text-editor.default\">\n\t\t\t\t<div class=\"elementor-widget-container\">\n\t\t\t\t\t\t\t\t\t<div data-olk-copy-source=\"MessageBody\">\n<p>Das war die \u00dcbungsannahme: W\u00e4hrend der Vorbereitungsarbeiten f\u00fcr die Badesaison kam es bei einer \u00dcbung im Freibad St.\u202fValentin zu einem angenommenen Unfall mit einer Chlorgasflasche. Eine Person wurde dabei verletzt.<\/p>\n<\/div>\n<div>Die Feuerwehr St.\u202fValentin rettete den Verungl\u00fcckten unter Schutzstufe\u202f1 und f\u00fchrte eine grobe Dekontamination durch. Gleichzeitig wurde der Schadstoffzug des Abschnittsfeuerwehrkommandos Haag alarmiert, der die Gasflasche unter gasdichter Schutzstufe\u202f3 abdichtete. Abschlie\u00dfend erfolgte die vollst\u00e4ndige Dekontamination.<br><br>Insgesamt nahmen 45 Feuerwehrmitglieder von folgenden freiwilligen Feuerwehren teil: St. Valentin, Ernsthofen, Strengberg, Erla, Haag, Th\u00fcrnbuch-Au sowie&nbsp;<span style=\"color: rgb(118, 118, 118); font-family: Arial, sans-serif; font-size: 14px;\">Betriebsfeuerwehr CNH Industrial \u00d6sterreich GmbH St. Valentin<\/span><span style=\"font-family: Arial, sans-serif; font-size: 14px;\"><font color=\"#474747\">.<\/font><\/span><\/div>\t\t\t\t\t\t\t\t<\/div>\n\t\t\t\t<\/div>\n\t\t\t\t\t<\/div>\n\t\t<\/div>\n\t\t\t\t\t<\/div>\n\t\t<\/section>\n\t\t\t\t<section class=\"elementor-section elementor-top-section elementor-element elementor-element-31dc719b elementor-section-boxed elementor-section-height-default elementor-section-height-default\" data-id=\"31dc719b\" data-element_type=\"section\" data-e-type=\"section\">\n\t\t\t\t\t\t<div class=\"elementor-container elementor-column-gap-default\">\n\t\t\t\t\t<div class=\"elementor-column elementor-col-100 elementor-top-column elementor-element elementor-element-636a68f5\" data-id=\"636a68f5\" data-element_type=\"column\" data-e-type=\"column\">\n\t\t\t<div class=\"elementor-widget-wrap elementor-element-populated\">\n\t\t\t\t\t\t<div class=\"elementor-element elementor-element-617e153d gallery-spacing-custom animated-slow elementor-invisible elementor-widget elementor-widget-image-gallery\" data-id=\"617e153d\" data-element_type=\"widget\" data-e-type=\"widget\" data-settings=\"{&quot;_animation&quot;:&quot;fadeIn&quot;}\" data-widget_type=\"image-gallery.default\">\n\t\t\t\t<div class=\"elementor-widget-container\">\n\t\t\t\t\t\t\t<div class=\"elementor-image-gallery\">\n\t\t\t\n<a data-elementor-open-lightbox=\"yes\" data-elementor-lightbox-slideshow=\"617e153d\" data-elementor-lightbox-title=\"A\" data-e-action-hash=\"#elementor-action%3Aaction%3Dlightbox%26settings%3DeyJpZCI6MTQzNjEsInVybCI6Imh0dHBzOlwvXC93d3cuYmZrLWFtc3RldHRlbi5hdFwvYmZrZG9cL3dwLWNvbnRlbnRcL3VwbG9hZHNcLzIwMjZcLzA0XC9BLTEuanBnIiwic2xpZGVzaG93IjoiNjE3ZTE1M2QifQ%3D%3D\" href='https:\/\/www.bfk-amstetten.at\/bfkdo\/wp-content\/uploads\/2026\/04\/A-1.jpg'><img decoding=\"async\" width=\"150\" height=\"150\" src=\"https:\/\/www.bfk-amstetten.at\/bfkdo\/wp-content\/uploads\/2026\/04\/A-1-150x150.jpg\" class=\"attachment-thumbnail size-thumbnail\" alt=\"\" \/><\/a>\n<a data-elementor-open-lightbox=\"yes\" data-elementor-lightbox-slideshow=\"617e153d\" data-elementor-lightbox-title=\"B\" data-e-action-hash=\"#elementor-action%3Aaction%3Dlightbox%26settings%3DeyJpZCI6MTQzNjIsInVybCI6Imh0dHBzOlwvXC93d3cuYmZrLWFtc3RldHRlbi5hdFwvYmZrZG9cL3dwLWNvbnRlbnRcL3VwbG9hZHNcLzIwMjZcLzA0XC9CLTIuanBnIiwic2xpZGVzaG93IjoiNjE3ZTE1M2QifQ%3D%3D\" href='https:\/\/www.bfk-amstetten.at\/bfkdo\/wp-content\/uploads\/2026\/04\/B-2.jpg'><img decoding=\"async\" width=\"150\" height=\"150\" src=\"https:\/\/www.bfk-amstetten.at\/bfkdo\/wp-content\/uploads\/2026\/04\/B-2-150x150.jpg\" class=\"attachment-thumbnail size-thumbnail\" alt=\"\" \/><\/a>\n<a data-elementor-open-lightbox=\"yes\" data-elementor-lightbox-slideshow=\"617e153d\" data-elementor-lightbox-title=\"C\" data-e-action-hash=\"#elementor-action%3Aaction%3Dlightbox%26settings%3DeyJpZCI6MTQzNjMsInVybCI6Imh0dHBzOlwvXC93d3cuYmZrLWFtc3RldHRlbi5hdFwvYmZrZG9cL3dwLWNvbnRlbnRcL3VwbG9hZHNcLzIwMjZcLzA0XC9DLTEuanBnIiwic2xpZGVzaG93IjoiNjE3ZTE1M2QifQ%3D%3D\" href='https:\/\/www.bfk-amstetten.at\/bfkdo\/wp-content\/uploads\/2026\/04\/C-1.jpg'><img decoding=\"async\" width=\"150\" height=\"150\" src=\"https:\/\/www.bfk-amstetten.at\/bfkdo\/wp-content\/uploads\/2026\/04\/C-1-150x150.jpg\" class=\"attachment-thumbnail size-thumbnail\" alt=\"\" \/><\/a>\n\t\t<\/div>\n\t\t\t\t\t\t<\/div>\n\t\t\t\t<\/div>\n\t\t\t\t\t<\/div>\n\t\t<\/div>\n\t\t\t\t\t<\/div>\n\t\t<\/section>\n\t\t\t\t<\/div>\n\t\t","protected":false},"excerpt":{"rendered":"<p>Das war die \u00dcbungsannahme: W\u00e4hrend der Vorbereitungsarbeiten f\u00fcr die Badesaison kam es bei einer \u00dcbung im Freibad St.\u202fValentin zu einem angenommenen Unfall mit einer Chlorgasflasche. Eine Person wurde dabei verletzt. Die Feuerwehr St.\u202fValentin rettete den Verungl\u00fcckten unter Schutzstufe\u202f1 und f\u00fchrte eine grobe Dekontamination durch. Gleichzeitig wurde der Schadstoffzug des Abschnittsfeuerwehrkommandos Haag alarmiert, der die Gasflasche [&hellip;]<\/p>\n","protected":false},"author":1,"featured_media":14359,"comment_status":"closed","ping_status":"open","sticky":false,"template":"","format":"standard","meta":{"footnotes":""},"categories":[5],"tags":[],"class_list":["post-14358","post","type-post","status-publish","format-standard","has-post-thumbnail","hentry","category-bericht"],"_links":{"self":[{"href":"https:\/\/www.bfk-amstetten.at\/bfkdo\/wp-json\/wp\/v2\/posts\/14358","targetHints":{"allow":["GET"]}}],"collection":[{"href":"https:\/\/www.bfk-amstetten.at\/bfkdo\/wp-json\/wp\/v2\/posts"}],"about":[{"href":"https:\/\/www.bfk-amstetten.at\/bfkdo\/wp-json\/wp\/v2\/types\/post"}],"author":[{"embeddable":true,"href":"https:\/\/www.bfk-amstetten.at\/bfkdo\/wp-json\/wp\/v2\/users\/1"}],"replies":[{"embeddable":true,"href":"https:\/\/www.bfk-amstetten.at\/bfkdo\/wp-json\/wp\/v2\/comments?post=14358"}],"version-history":[{"count":7,"href":"https:\/\/www.bfk-amstetten.at\/bfkdo\/wp-json\/wp\/v2\/posts\/14358\/revisions"}],"predecessor-version":[{"id":14370,"href":"https:\/\/www.bfk-amstetten.at\/bfkdo\/wp-json\/wp\/v2\/posts\/14358\/revisions\/14370"}],"wp:featuredmedia":[{"embeddable":true,"href":"https:\/\/www.bfk-amstetten.at\/bfkdo\/wp-json\/wp\/v2\/media\/14359"}],"wp:attachment":[{"href":"https:\/\/www.bfk-amstetten.at\/bfkdo\/wp-json\/wp\/v2\/media?parent=14358"}],"wp:term":[{"taxonomy":"category","embeddable":true,"href":"https:\/\/www.bfk-amstetten.at\/bfkdo\/wp-json\/wp\/v2\/categories?post=14358"},{"taxonomy":"post_tag","embeddable":true,"href":"https:\/\/www.bfk-amstetten.at\/bfkdo\/wp-json\/wp\/v2\/tags?post=14358"}],"curies":[{"name":"wp","href":"https:\/\/api.w.org\/{rel}","templated":true}]}}